{"id":13147,"date":"2025-01-09T12:08:33","date_gmt":"2025-01-09T18:08:33","guid":{"rendered":"https:\/\/chilpancingo.gob.mx\/portal\/?p=13147"},"modified":"2025-01-09T12:08:36","modified_gmt":"2025-01-09T18:08:36","slug":"expo-rosca-de-reyes-chilpancingo-2025","status":"publish","type":"post","link":"https:\/\/chilpancingo.gob.mx\/portal\/expo-rosca-de-reyes-chilpancingo-2025\/","title":{"rendered":"Expo Rosca de Reyes Chilpancingo 2025"},"content":{"rendered":"\n<p>\ud83d\udce2 El presidente municipal, Dr. Gustavo Alarc\u00f3n Herrera , y la Secretaria de Fomento Econ\u00f3mico, Teodora Ram\u00edrez Vega, inauguraron la Expo Rosca de Reyes Chilpancingo 2025, impulsando la econom\u00eda local y el talento de nuestras panader\u00edas.<br>\ud83c\udf89 \u00a1Ven y apoya la econom\u00eda local!<br>\ud83d\udccd Plaza C\u00edvica Primer Congreso de An\u00e1huac<br>\ud83d\udcc6 Del 4 al 9 de enero<br>\ud83c\udf82 Disfruta de roscas artesanales y un ambiente familiar lleno de tradici\u00f3n.<\/p>\n\n\n\n<h6 class=\"wp-block-heading\">#ExpoRosca2025 #ChilpancingoRenace<\/h6>\n\n\n\n<figure class=\"wp-block-gallery has-nested-images columns-default is-cropped wp-block-gallery-1 is-layout-flex wp-block-gallery-is-layout-flex\">\n<figure class=\"wp-block-image size-large\"><img fetchpriority=\"high\" decoding=\"async\" width=\"596\" height=\"395\" data-id=\"13148\" src=\"https:\/\/chilpancingo.gob.mx\/portal\/wp-content\/uploads\/2025\/01\/exporoscareyes-4.jpg\" alt=\"\" class=\"wp-image-13148\" srcset=\"https:\/\/chilpancingo.gob.mx\/portal\/wp-content\/uploads\/2025\/01\/exporoscareyes-4.jpg 596w, https:\/\/chilpancingo.gob.mx\/portal\/wp-content\/uploads\/2025\/01\/exporoscareyes-4-300x199.jpg 300w\" sizes=\"(max-width: 596px) 100vw, 596px\" \/><\/figure>\n\n\n\n<figure class=\"wp-block-image size-large\"><img decoding=\"async\" width=\"596\" height=\"395\" data-id=\"13151\" src=\"https:\/\/chilpancingo.gob.mx\/portal\/wp-content\/uploads\/2025\/01\/exporoscareyes-3.jpg\" alt=\"\" class=\"wp-image-13151\" srcset=\"https:\/\/chilpancingo.gob.mx\/portal\/wp-content\/uploads\/2025\/01\/exporoscareyes-3.jpg 596w, https:\/\/chilpancingo.gob.mx\/portal\/wp-content\/uploads\/2025\/01\/exporoscareyes-3-300x199.jpg 300w\" sizes=\"(max-width: 596px) 100vw, 596px\" \/><\/figure>\n\n\n\n<figure class=\"wp-block-image size-large\"><img decoding=\"async\" width=\"596\" height=\"395\" data-id=\"13150\" src=\"https:\/\/chilpancingo.gob.mx\/portal\/wp-content\/uploads\/2025\/01\/exporoscareyes-2.jpg\" alt=\"\" class=\"wp-image-13150\" srcset=\"https:\/\/chilpancingo.gob.mx\/portal\/wp-content\/uploads\/2025\/01\/exporoscareyes-2.jpg 596w, https:\/\/chilpancingo.gob.mx\/portal\/wp-content\/uploads\/2025\/01\/exporoscareyes-2-300x199.jpg 300w\" sizes=\"(max-width: 596px) 100vw, 596px\" \/><\/figure>\n\n\n\n<figure class=\"wp-block-image size-large\"><img loading=\"lazy\" decoding=\"async\" width=\"596\" height=\"395\" data-id=\"13149\" src=\"https:\/\/chilpancingo.gob.mx\/portal\/wp-content\/uploads\/2025\/01\/exporoscareyes-1.jpg\" alt=\"\" class=\"wp-image-13149\" srcset=\"https:\/\/chilpancingo.gob.mx\/portal\/wp-content\/uploads\/2025\/01\/exporoscareyes-1.jpg 596w, https:\/\/chilpancingo.gob.mx\/portal\/wp-content\/uploads\/2025\/01\/exporoscareyes-1-300x199.jpg 300w\" sizes=\"(max-width: 596px) 100vw, 596px\" \/><\/figure>\n<\/figure>\n","protected":false},"excerpt":{"rendered":"<p>\ud83d\udce2 El presidente municipal, Dr. Gustavo Alarc\u00f3n Herrera , y la Secretaria de Fomento Econ\u00f3mico, Teodora Ram\u00edrez Vega, inauguraron la Expo Rosca de Reyes Chilpancingo 2025, impulsando la econom\u00eda local [&hellip;]<\/p>\n","protected":false},"author":5,"featured_media":13149,"comment_status":"closed","ping_status":"closed","sticky":false,"template":"","format":"standard","meta":{"pgc_sgb_lightbox_settings":"","footnotes":""},"categories":[1],"tags":[],"class_list":["post-13147","post","type-post","status-publish","format-standard","has-post-thumbnail","hentry","category-sala-de-prensa"],"yoast_head":"<!-- This site is optimized with the Yoast SEO plugin v23.8 - https:\/\/yoast.com\/wordpress\/plugins\/seo\/ -->\n<title>Expo Rosca de Reyes Chilpancingo 2025<\/title>\n<meta name=\"robots\" content=\"index, follow, max-snippet:-1, max-image-preview:large, max-video-preview:-1\" \/>\n<link rel=\"canonical\" href=\"https:\/\/chilpancingo.gob.mx\/portal\/expo-rosca-de-reyes-chilpancingo-2025\/\" \/>\n<meta property=\"og:locale\" content=\"es_MX\" \/>\n<meta property=\"og:type\" content=\"article\" \/>\n<meta property=\"og:title\" content=\"Expo Rosca de Reyes Chilpancingo 2025\" \/>\n<meta property=\"og:description\" content=\"\ud83d\udce2 El presidente municipal, Dr. Gustavo Alarc\u00f3n Herrera , y la Secretaria de Fomento Econ\u00f3mico, Teodora Ram\u00edrez Vega, inauguraron la Expo Rosca de Reyes Chilpancingo 2025, impulsando la econom\u00eda local [&hellip;]\" \/>\n<meta property=\"og:url\" content=\"https:\/\/chilpancingo.gob.mx\/portal\/expo-rosca-de-reyes-chilpancingo-2025\/\" \/>\n<meta property=\"og:site_name\" content=\"H. Ayuntamiento de Chilpancingo de los Bravo\" \/>\n<meta property=\"article:publisher\" content=\"https:\/\/www.facebook.com\/AyuntamientodeChilpancingo\" \/>\n<meta property=\"article:published_time\" content=\"2025-01-09T18:08:33+00:00\" \/>\n<meta property=\"article:modified_time\" content=\"2025-01-09T18:08:36+00:00\" \/>\n<meta property=\"og:image\" content=\"https:\/\/chilpancingo.gob.mx\/portal\/wp-content\/uploads\/2025\/01\/exporoscareyes-1.jpg\" \/>\n\t<meta property=\"og:image:width\" content=\"596\" \/>\n\t<meta property=\"og:image:height\" content=\"395\" \/>\n\t<meta property=\"og:image:type\" content=\"image\/jpeg\" \/>\n<meta name=\"author\" content=\"Victor Diaz Avila\" \/>\n<meta name=\"twitter:card\" content=\"summary_large_image\" \/>\n<meta name=\"twitter:creator\" content=\"@otilia_norma\" \/>\n<meta name=\"twitter:site\" content=\"@otilia_norma\" \/>\n<script type=\"application\/ld+json\" class=\"yoast-schema-graph\">{\"@context\":\"https:\/\/schema.org\",\"@graph\":[{\"@type\":\"Article\",\"@id\":\"https:\/\/chilpancingo.gob.mx\/portal\/expo-rosca-de-reyes-chilpancingo-2025\/#article\",\"isPartOf\":{\"@id\":\"https:\/\/chilpancingo.gob.mx\/portal\/expo-rosca-de-reyes-chilpancingo-2025\/\"},\"author\":{\"name\":\"Victor Diaz Avila\",\"@id\":\"https:\/\/chilpancingo.gob.mx\/portal\/#\/schema\/person\/16194606437a58bb73c4148d5c3f4643\"},\"headline\":\"Expo Rosca de Reyes Chilpancingo 2025\",\"datePublished\":\"2025-01-09T18:08:33+00:00\",\"dateModified\":\"2025-01-09T18:08:36+00:00\",\"mainEntityOfPage\":{\"@id\":\"https:\/\/chilpancingo.gob.mx\/portal\/expo-rosca-de-reyes-chilpancingo-2025\/\"},\"wordCount\":76,\"publisher\":{\"@id\":\"https:\/\/chilpancingo.gob.mx\/portal\/#organization\"},\"image\":{\"@id\":\"https:\/\/chilpancingo.gob.mx\/portal\/expo-rosca-de-reyes-chilpancingo-2025\/#primaryimage\"},\"thumbnailUrl\":\"https:\/\/chilpancingo.gob.mx\/portal\/wp-content\/uploads\/2025\/01\/exporoscareyes-1.jpg\",\"articleSection\":[\"Sala de prensa\"],\"inLanguage\":\"es\"},{\"@type\":\"WebPage\",\"@id\":\"https:\/\/chilpancingo.gob.mx\/portal\/expo-rosca-de-reyes-chilpancingo-2025\/\",\"url\":\"https:\/\/chilpancingo.gob.mx\/portal\/expo-rosca-de-reyes-chilpancingo-2025\/\",\"name\":\"Expo Rosca de Reyes Chilpancingo 2025\",\"isPartOf\":{\"@id\":\"https:\/\/chilpancingo.gob.mx\/portal\/#website\"},\"primaryImageOfPage\":{\"@id\":\"https:\/\/chilpancingo.gob.mx\/portal\/expo-rosca-de-reyes-chilpancingo-2025\/#primaryimage\"},\"image\":{\"@id\":\"https:\/\/chilpancingo.gob.mx\/portal\/expo-rosca-de-reyes-chilpancingo-2025\/#primaryimage\"},\"thumbnailUrl\":\"https:\/\/chilpancingo.gob.mx\/portal\/wp-content\/uploads\/2025\/01\/exporoscareyes-1.jpg\",\"datePublished\":\"2025-01-09T18:08:33+00:00\",\"dateModified\":\"2025-01-09T18:08:36+00:00\",\"breadcrumb\":{\"@id\":\"https:\/\/chilpancingo.gob.mx\/portal\/expo-rosca-de-reyes-chilpancingo-2025\/#breadcrumb\"},\"inLanguage\":\"es\",\"potentialAction\":[{\"@type\":\"ReadAction\",\"target\":[\"https:\/\/chilpancingo.gob.mx\/portal\/expo-rosca-de-reyes-chilpancingo-2025\/\"]}]},{\"@type\":\"ImageObject\",\"inLanguage\":\"es\",\"@id\":\"https:\/\/chilpancingo.gob.mx\/portal\/expo-rosca-de-reyes-chilpancingo-2025\/#primaryimage\",\"url\":\"https:\/\/chilpancingo.gob.mx\/portal\/wp-content\/uploads\/2025\/01\/exporoscareyes-1.jpg\",\"contentUrl\":\"https:\/\/chilpancingo.gob.mx\/portal\/wp-content\/uploads\/2025\/01\/exporoscareyes-1.jpg\",\"width\":596,\"height\":395},{\"@type\":\"BreadcrumbList\",\"@id\":\"https:\/\/chilpancingo.gob.mx\/portal\/expo-rosca-de-reyes-chilpancingo-2025\/#breadcrumb\",\"itemListElement\":[{\"@type\":\"ListItem\",\"position\":1,\"name\":\"Inicio\",\"item\":\"https:\/\/chilpancingo.gob.mx\/portal\/\"},{\"@type\":\"ListItem\",\"position\":2,\"name\":\"Expo Rosca de Reyes Chilpancingo 2025\"}]},{\"@type\":\"WebSite\",\"@id\":\"https:\/\/chilpancingo.gob.mx\/portal\/#website\",\"url\":\"https:\/\/chilpancingo.gob.mx\/portal\/\",\"name\":\"H. Ayuntamiento de Chilpancingo de los Bravo\",\"description\":\"Chilpancingo de los Bravo  2024 - 2027\",\"publisher\":{\"@id\":\"https:\/\/chilpancingo.gob.mx\/portal\/#organization\"},\"potentialAction\":[{\"@type\":\"SearchAction\",\"target\":{\"@type\":\"EntryPoint\",\"urlTemplate\":\"https:\/\/chilpancingo.gob.mx\/portal\/?s={search_term_string}\"},\"query-input\":{\"@type\":\"PropertyValueSpecification\",\"valueRequired\":true,\"valueName\":\"search_term_string\"}}],\"inLanguage\":\"es\"},{\"@type\":\"Organization\",\"@id\":\"https:\/\/chilpancingo.gob.mx\/portal\/#organization\",\"name\":\"Municipio de Chilpancingo de los Bravo\",\"url\":\"https:\/\/chilpancingo.gob.mx\/portal\/\",\"logo\":{\"@type\":\"ImageObject\",\"inLanguage\":\"es\",\"@id\":\"https:\/\/chilpancingo.gob.mx\/portal\/#\/schema\/logo\/image\/\",\"url\":\"https:\/\/chilpancingo.gob.mx\/portal\/wp-content\/uploads\/2021\/09\/Logo-Oficial-Capital-de-cultura-y-progreso.png\",\"contentUrl\":\"https:\/\/chilpancingo.gob.mx\/portal\/wp-content\/uploads\/2021\/09\/Logo-Oficial-Capital-de-cultura-y-progreso.png\",\"width\":1200,\"height\":623,\"caption\":\"Municipio de Chilpancingo de los Bravo\"},\"image\":{\"@id\":\"https:\/\/chilpancingo.gob.mx\/portal\/#\/schema\/logo\/image\/\"},\"sameAs\":[\"https:\/\/www.facebook.com\/AyuntamientodeChilpancingo\",\"https:\/\/x.com\/otilia_norma\"]},{\"@type\":\"Person\",\"@id\":\"https:\/\/chilpancingo.gob.mx\/portal\/#\/schema\/person\/16194606437a58bb73c4148d5c3f4643\",\"name\":\"Victor Diaz Avila\",\"image\":{\"@type\":\"ImageObject\",\"inLanguage\":\"es\",\"@id\":\"https:\/\/chilpancingo.gob.mx\/portal\/#\/schema\/person\/image\/\",\"url\":\"https:\/\/secure.gravatar.com\/avatar\/617e8c67af79ce0edccb18e9acb4f883bdebc37ceae275f194cab3f5f87d831a?s=96&d=mm&r=g\",\"contentUrl\":\"https:\/\/secure.gravatar.com\/avatar\/617e8c67af79ce0edccb18e9acb4f883bdebc37ceae275f194cab3f5f87d831a?s=96&d=mm&r=g\",\"caption\":\"Victor Diaz Avila\"}}]}<\/script>\n<!-- \/ Yoast SEO plugin. -->","yoast_head_json":{"title":"Expo Rosca de Reyes Chilpancingo 2025","robots":{"index":"index","follow":"follow","max-snippet":"max-snippet:-1","max-image-preview":"max-image-preview:large","max-video-preview":"max-video-preview:-1"},"canonical":"https:\/\/chilpancingo.gob.mx\/portal\/expo-rosca-de-reyes-chilpancingo-2025\/","og_locale":"es_MX","og_type":"article","og_title":"Expo Rosca de Reyes Chilpancingo 2025","og_description":"\ud83d\udce2 El presidente municipal, Dr. Gustavo Alarc\u00f3n Herrera , y la Secretaria de Fomento Econ\u00f3mico, Teodora Ram\u00edrez Vega, inauguraron la Expo Rosca de Reyes Chilpancingo 2025, impulsando la econom\u00eda local [&hellip;]","og_url":"https:\/\/chilpancingo.gob.mx\/portal\/expo-rosca-de-reyes-chilpancingo-2025\/","og_site_name":"H. Ayuntamiento de Chilpancingo de los Bravo","article_publisher":"https:\/\/www.facebook.com\/AyuntamientodeChilpancingo","article_published_time":"2025-01-09T18:08:33+00:00","article_modified_time":"2025-01-09T18:08:36+00:00","og_image":[{"width":596,"height":395,"url":"https:\/\/chilpancingo.gob.mx\/portal\/wp-content\/uploads\/2025\/01\/exporoscareyes-1.jpg","type":"image\/jpeg"}],"author":"Victor Diaz Avila","twitter_card":"summary_large_image","twitter_creator":"@otilia_norma","twitter_site":"@otilia_norma","schema":{"@context":"https:\/\/schema.org","@graph":[{"@type":"Article","@id":"https:\/\/chilpancingo.gob.mx\/portal\/expo-rosca-de-reyes-chilpancingo-2025\/#article","isPartOf":{"@id":"https:\/\/chilpancingo.gob.mx\/portal\/expo-rosca-de-reyes-chilpancingo-2025\/"},"author":{"name":"Victor Diaz Avila","@id":"https:\/\/chilpancingo.gob.mx\/portal\/#\/schema\/person\/16194606437a58bb73c4148d5c3f4643"},"headline":"Expo Rosca de Reyes Chilpancingo 2025","datePublished":"2025-01-09T18:08:33+00:00","dateModified":"2025-01-09T18:08:36+00:00","mainEntityOfPage":{"@id":"https:\/\/chilpancingo.gob.mx\/portal\/expo-rosca-de-reyes-chilpancingo-2025\/"},"wordCount":76,"publisher":{"@id":"https:\/\/chilpancingo.gob.mx\/portal\/#organization"},"image":{"@id":"https:\/\/chilpancingo.gob.mx\/portal\/expo-rosca-de-reyes-chilpancingo-2025\/#primaryimage"},"thumbnailUrl":"https:\/\/chilpancingo.gob.mx\/portal\/wp-content\/uploads\/2025\/01\/exporoscareyes-1.jpg","articleSection":["Sala de prensa"],"inLanguage":"es"},{"@type":"WebPage","@id":"https:\/\/chilpancingo.gob.mx\/portal\/expo-rosca-de-reyes-chilpancingo-2025\/","url":"https:\/\/chilpancingo.gob.mx\/portal\/expo-rosca-de-reyes-chilpancingo-2025\/","name":"Expo Rosca de Reyes Chilpancingo 2025","isPartOf":{"@id":"https:\/\/chilpancingo.gob.mx\/portal\/#website"},"primaryImageOfPage":{"@id":"https:\/\/chilpancingo.gob.mx\/portal\/expo-rosca-de-reyes-chilpancingo-2025\/#primaryimage"},"image":{"@id":"https:\/\/chilpancingo.gob.mx\/portal\/expo-rosca-de-reyes-chilpancingo-2025\/#primaryimage"},"thumbnailUrl":"https:\/\/chilpancingo.gob.mx\/portal\/wp-content\/uploads\/2025\/01\/exporoscareyes-1.jpg","datePublished":"2025-01-09T18:08:33+00:00","dateModified":"2025-01-09T18:08:36+00:00","breadcrumb":{"@id":"https:\/\/chilpancingo.gob.mx\/portal\/expo-rosca-de-reyes-chilpancingo-2025\/#breadcrumb"},"inLanguage":"es","potentialAction":[{"@type":"ReadAction","target":["https:\/\/chilpancingo.gob.mx\/portal\/expo-rosca-de-reyes-chilpancingo-2025\/"]}]},{"@type":"ImageObject","inLanguage":"es","@id":"https:\/\/chilpancingo.gob.mx\/portal\/expo-rosca-de-reyes-chilpancingo-2025\/#primaryimage","url":"https:\/\/chilpancingo.gob.mx\/portal\/wp-content\/uploads\/2025\/01\/exporoscareyes-1.jpg","contentUrl":"https:\/\/chilpancingo.gob.mx\/portal\/wp-content\/uploads\/2025\/01\/exporoscareyes-1.jpg","width":596,"height":395},{"@type":"BreadcrumbList","@id":"https:\/\/chilpancingo.gob.mx\/portal\/expo-rosca-de-reyes-chilpancingo-2025\/#breadcrumb","itemListElement":[{"@type":"ListItem","position":1,"name":"Inicio","item":"https:\/\/chilpancingo.gob.mx\/portal\/"},{"@type":"ListItem","position":2,"name":"Expo Rosca de Reyes Chilpancingo 2025"}]},{"@type":"WebSite","@id":"https:\/\/chilpancingo.gob.mx\/portal\/#website","url":"https:\/\/chilpancingo.gob.mx\/portal\/","name":"H. Ayuntamiento de Chilpancingo de los Bravo","description":"Chilpancingo de los Bravo  2024 - 2027","publisher":{"@id":"https:\/\/chilpancingo.gob.mx\/portal\/#organization"},"potentialAction":[{"@type":"SearchAction","target":{"@type":"EntryPoint","urlTemplate":"https:\/\/chilpancingo.gob.mx\/portal\/?s={search_term_string}"},"query-input":{"@type":"PropertyValueSpecification","valueRequired":true,"valueName":"search_term_string"}}],"inLanguage":"es"},{"@type":"Organization","@id":"https:\/\/chilpancingo.gob.mx\/portal\/#organization","name":"Municipio de Chilpancingo de los Bravo","url":"https:\/\/chilpancingo.gob.mx\/portal\/","logo":{"@type":"ImageObject","inLanguage":"es","@id":"https:\/\/chilpancingo.gob.mx\/portal\/#\/schema\/logo\/image\/","url":"https:\/\/chilpancingo.gob.mx\/portal\/wp-content\/uploads\/2021\/09\/Logo-Oficial-Capital-de-cultura-y-progreso.png","contentUrl":"https:\/\/chilpancingo.gob.mx\/portal\/wp-content\/uploads\/2021\/09\/Logo-Oficial-Capital-de-cultura-y-progreso.png","width":1200,"height":623,"caption":"Municipio de Chilpancingo de los Bravo"},"image":{"@id":"https:\/\/chilpancingo.gob.mx\/portal\/#\/schema\/logo\/image\/"},"sameAs":["https:\/\/www.facebook.com\/AyuntamientodeChilpancingo","https:\/\/x.com\/otilia_norma"]},{"@type":"Person","@id":"https:\/\/chilpancingo.gob.mx\/portal\/#\/schema\/person\/16194606437a58bb73c4148d5c3f4643","name":"Victor Diaz Avila","image":{"@type":"ImageObject","inLanguage":"es","@id":"https:\/\/chilpancingo.gob.mx\/portal\/#\/schema\/person\/image\/","url":"https:\/\/secure.gravatar.com\/avatar\/617e8c67af79ce0edccb18e9acb4f883bdebc37ceae275f194cab3f5f87d831a?s=96&d=mm&r=g","contentUrl":"https:\/\/secure.gravatar.com\/avatar\/617e8c67af79ce0edccb18e9acb4f883bdebc37ceae275f194cab3f5f87d831a?s=96&d=mm&r=g","caption":"Victor Diaz Avila"}}]}},"_links":{"self":[{"href":"https:\/\/chilpancingo.gob.mx\/portal\/wp-json\/wp\/v2\/posts\/13147","targetHints":{"allow":["GET"]}}],"collection":[{"href":"https:\/\/chilpancingo.gob.mx\/portal\/wp-json\/wp\/v2\/posts"}],"about":[{"href":"https:\/\/chilpancingo.gob.mx\/portal\/wp-json\/wp\/v2\/types\/post"}],"author":[{"embeddable":true,"href":"https:\/\/chilpancingo.gob.mx\/portal\/wp-json\/wp\/v2\/users\/5"}],"replies":[{"embeddable":true,"href":"https:\/\/chilpancingo.gob.mx\/portal\/wp-json\/wp\/v2\/comments?post=13147"}],"version-history":[{"count":1,"href":"https:\/\/chilpancingo.gob.mx\/portal\/wp-json\/wp\/v2\/posts\/13147\/revisions"}],"predecessor-version":[{"id":13152,"href":"https:\/\/chilpancingo.gob.mx\/portal\/wp-json\/wp\/v2\/posts\/13147\/revisions\/13152"}],"wp:featuredmedia":[{"embeddable":true,"href":"https:\/\/chilpancingo.gob.mx\/portal\/wp-json\/wp\/v2\/media\/13149"}],"wp:attachment":[{"href":"https:\/\/chilpancingo.gob.mx\/portal\/wp-json\/wp\/v2\/media?parent=13147"}],"wp:term":[{"taxonomy":"category","embeddable":true,"href":"https:\/\/chilpancingo.gob.mx\/portal\/wp-json\/wp\/v2\/categories?post=13147"},{"taxonomy":"post_tag","embeddable":true,"href":"https:\/\/chilpancingo.gob.mx\/portal\/wp-json\/wp\/v2\/tags?post=13147"}],"curies":[{"name":"wp","href":"https:\/\/api.w.org\/{rel}","templated":true}]}}