{"id":21310,"date":"2026-04-24T12:54:07","date_gmt":"2026-04-24T18:54:07","guid":{"rendered":"https:\/\/chilpancingo.gob.mx\/portal\/?p=21310"},"modified":"2026-04-30T12:56:30","modified_gmt":"2026-04-30T18:56:30","slug":"ya-viste-como-va-el-puente-de-los-sauces-%f0%9f%8f%97%ef%b8%8f%f0%9f%8c%89","status":"publish","type":"post","link":"https:\/\/chilpancingo.gob.mx\/portal\/ya-viste-como-va-el-puente-de-los-sauces-%f0%9f%8f%97%ef%b8%8f%f0%9f%8c%89\/","title":{"rendered":"\u00bfYa viste c\u00f3mo va el puente de Los Sauces? \ud83c\udfd7\ufe0f\ud83c\udf09"},"content":{"rendered":"\n<p>La rehabilitaci\u00f3n en la barranca Pezuapa va con todo. \ud83d\udcaa<br>El Dr. Gustavo Alarc\u00f3n nos pidi\u00f3 meterle velocidad para que esta v\u00eda sea segura antes de las lluvias.<br>Menos palabras y m\u00e1s resultados en tus calles.<br>\u00a1As\u00ed se trabaja en este gobierno! \u2705<\/p>\n\n\n\n<h1 class=\"wp-block-heading\">UnidosChilpancingoRenace<\/h1>\n\n\n\n<figure class=\"wp-block-gallery has-nested-images columns-default is-cropped wp-block-gallery-1 is-layout-flex wp-block-gallery-is-layout-flex\">\n<figure class=\"wp-block-image size-large\"><img fetchpriority=\"high\" decoding=\"async\" width=\"590\" height=\"332\" data-id=\"21315\" src=\"https:\/\/chilpancingo.gob.mx\/portal\/wp-content\/uploads\/2026\/04\/678160273_122199115238551875_5001045740743803097_n.jpg\" alt=\"\" class=\"wp-image-21315\" srcset=\"https:\/\/chilpancingo.gob.mx\/portal\/wp-content\/uploads\/2026\/04\/678160273_122199115238551875_5001045740743803097_n.jpg 590w, https:\/\/chilpancingo.gob.mx\/portal\/wp-content\/uploads\/2026\/04\/678160273_122199115238551875_5001045740743803097_n-300x169.jpg 300w\" sizes=\"(max-width: 590px) 100vw, 590px\" \/><\/figure>\n\n\n\n<figure class=\"wp-block-image size-large\"><img decoding=\"async\" width=\"590\" height=\"332\" data-id=\"21316\" src=\"https:\/\/chilpancingo.gob.mx\/portal\/wp-content\/uploads\/2026\/04\/679817461_122199115196551875_6732956661127260653_n.jpg\" alt=\"\" class=\"wp-image-21316\" srcset=\"https:\/\/chilpancingo.gob.mx\/portal\/wp-content\/uploads\/2026\/04\/679817461_122199115196551875_6732956661127260653_n.jpg 590w, https:\/\/chilpancingo.gob.mx\/portal\/wp-content\/uploads\/2026\/04\/679817461_122199115196551875_6732956661127260653_n-300x169.jpg 300w\" sizes=\"(max-width: 590px) 100vw, 590px\" \/><\/figure>\n\n\n\n<figure class=\"wp-block-image size-large\"><img decoding=\"async\" width=\"378\" height=\"590\" data-id=\"21317\" src=\"https:\/\/chilpancingo.gob.mx\/portal\/wp-content\/uploads\/2026\/04\/679589619_122199115154551875_4898731659288191366_n.jpg\" alt=\"\" class=\"wp-image-21317\" srcset=\"https:\/\/chilpancingo.gob.mx\/portal\/wp-content\/uploads\/2026\/04\/679589619_122199115154551875_4898731659288191366_n.jpg 378w, https:\/\/chilpancingo.gob.mx\/portal\/wp-content\/uploads\/2026\/04\/679589619_122199115154551875_4898731659288191366_n-192x300.jpg 192w\" sizes=\"(max-width: 378px) 100vw, 378px\" \/><\/figure>\n<\/figure>\n","protected":false},"excerpt":{"rendered":"<p>La rehabilitaci\u00f3n en la barranca Pezuapa va con todo. \ud83d\udcaaEl Dr. Gustavo Alarc\u00f3n nos pidi\u00f3 meterle velocidad para que esta v\u00eda sea segura antes de las lluvias.Menos palabras y m\u00e1s [&hellip;]<\/p>\n","protected":false},"author":5,"featured_media":21317,"comment_status":"closed","ping_status":"closed","sticky":false,"template":"","format":"standard","meta":{"pgc_sgb_lightbox_settings":"","footnotes":""},"categories":[1],"tags":[],"class_list":["post-21310","post","type-post","status-publish","format-standard","has-post-thumbnail","hentry","category-sala-de-prensa"],"yoast_head":"<!-- This site is optimized with the Yoast SEO plugin v23.8 - https:\/\/yoast.com\/wordpress\/plugins\/seo\/ -->\n<title>\u00bfYa viste c\u00f3mo va el puente de Los Sauces? \ud83c\udfd7\ufe0f\ud83c\udf09<\/title>\n<meta name=\"robots\" content=\"index, follow, max-snippet:-1, max-image-preview:large, max-video-preview:-1\" \/>\n<link rel=\"canonical\" href=\"https:\/\/chilpancingo.gob.mx\/portal\/ya-viste-como-va-el-puente-de-los-sauces-\ud83c\udfd7\ufe0f\ud83c\udf09\/\" \/>\n<meta property=\"og:locale\" content=\"es_MX\" \/>\n<meta property=\"og:type\" content=\"article\" \/>\n<meta property=\"og:title\" content=\"\u00bfYa viste c\u00f3mo va el puente de Los Sauces? \ud83c\udfd7\ufe0f\ud83c\udf09\" \/>\n<meta property=\"og:description\" content=\"La rehabilitaci\u00f3n en la barranca Pezuapa va con todo. \ud83d\udcaaEl Dr. Gustavo Alarc\u00f3n nos pidi\u00f3 meterle velocidad para que esta v\u00eda sea segura antes de las lluvias.Menos palabras y m\u00e1s [&hellip;]\" \/>\n<meta property=\"og:url\" content=\"https:\/\/chilpancingo.gob.mx\/portal\/ya-viste-como-va-el-puente-de-los-sauces-\ud83c\udfd7\ufe0f\ud83c\udf09\/\" \/>\n<meta property=\"og:site_name\" content=\"H. Ayuntamiento de Chilpancingo de los Bravo\" \/>\n<meta property=\"article:publisher\" content=\"https:\/\/www.facebook.com\/AyuntamientodeChilpancingo\" \/>\n<meta property=\"article:published_time\" content=\"2026-04-24T18:54:07+00:00\" \/>\n<meta property=\"article:modified_time\" content=\"2026-04-30T18:56:30+00:00\" \/>\n<meta property=\"og:image\" content=\"https:\/\/chilpancingo.gob.mx\/portal\/wp-content\/uploads\/2026\/04\/679589619_122199115154551875_4898731659288191366_n.jpg\" \/>\n\t<meta property=\"og:image:width\" content=\"378\" \/>\n\t<meta property=\"og:image:height\" content=\"590\" \/>\n\t<meta property=\"og:image:type\" content=\"image\/jpeg\" \/>\n<meta name=\"author\" content=\"Victor Diaz Avila\" \/>\n<meta name=\"twitter:card\" content=\"summary_large_image\" \/>\n<meta name=\"twitter:creator\" content=\"@otilia_norma\" \/>\n<meta name=\"twitter:site\" content=\"@otilia_norma\" \/>\n<script type=\"application\/ld+json\" class=\"yoast-schema-graph\">{\"@context\":\"https:\/\/schema.org\",\"@graph\":[{\"@type\":\"Article\",\"@id\":\"https:\/\/chilpancingo.gob.mx\/portal\/ya-viste-como-va-el-puente-de-los-sauces-%f0%9f%8f%97%ef%b8%8f%f0%9f%8c%89\/#article\",\"isPartOf\":{\"@id\":\"https:\/\/chilpancingo.gob.mx\/portal\/ya-viste-como-va-el-puente-de-los-sauces-%f0%9f%8f%97%ef%b8%8f%f0%9f%8c%89\/\"},\"author\":{\"name\":\"Victor Diaz Avila\",\"@id\":\"https:\/\/chilpancingo.gob.mx\/portal\/#\/schema\/person\/16194606437a58bb73c4148d5c3f4643\"},\"headline\":\"\u00bfYa viste c\u00f3mo va el puente de Los Sauces? \ud83c\udfd7\ufe0f\ud83c\udf09\",\"datePublished\":\"2026-04-24T18:54:07+00:00\",\"dateModified\":\"2026-04-30T18:56:30+00:00\",\"mainEntityOfPage\":{\"@id\":\"https:\/\/chilpancingo.gob.mx\/portal\/ya-viste-como-va-el-puente-de-los-sauces-%f0%9f%8f%97%ef%b8%8f%f0%9f%8c%89\/\"},\"wordCount\":56,\"publisher\":{\"@id\":\"https:\/\/chilpancingo.gob.mx\/portal\/#organization\"},\"image\":{\"@id\":\"https:\/\/chilpancingo.gob.mx\/portal\/ya-viste-como-va-el-puente-de-los-sauces-%f0%9f%8f%97%ef%b8%8f%f0%9f%8c%89\/#primaryimage\"},\"thumbnailUrl\":\"https:\/\/chilpancingo.gob.mx\/portal\/wp-content\/uploads\/2026\/04\/679589619_122199115154551875_4898731659288191366_n.jpg\",\"articleSection\":[\"Sala de prensa\"],\"inLanguage\":\"es\"},{\"@type\":\"WebPage\",\"@id\":\"https:\/\/chilpancingo.gob.mx\/portal\/ya-viste-como-va-el-puente-de-los-sauces-%f0%9f%8f%97%ef%b8%8f%f0%9f%8c%89\/\",\"url\":\"https:\/\/chilpancingo.gob.mx\/portal\/ya-viste-como-va-el-puente-de-los-sauces-%f0%9f%8f%97%ef%b8%8f%f0%9f%8c%89\/\",\"name\":\"\u00bfYa viste c\u00f3mo va el puente de Los Sauces? \ud83c\udfd7\ufe0f\ud83c\udf09\",\"isPartOf\":{\"@id\":\"https:\/\/chilpancingo.gob.mx\/portal\/#website\"},\"primaryImageOfPage\":{\"@id\":\"https:\/\/chilpancingo.gob.mx\/portal\/ya-viste-como-va-el-puente-de-los-sauces-%f0%9f%8f%97%ef%b8%8f%f0%9f%8c%89\/#primaryimage\"},\"image\":{\"@id\":\"https:\/\/chilpancingo.gob.mx\/portal\/ya-viste-como-va-el-puente-de-los-sauces-%f0%9f%8f%97%ef%b8%8f%f0%9f%8c%89\/#primaryimage\"},\"thumbnailUrl\":\"https:\/\/chilpancingo.gob.mx\/portal\/wp-content\/uploads\/2026\/04\/679589619_122199115154551875_4898731659288191366_n.jpg\",\"datePublished\":\"2026-04-24T18:54:07+00:00\",\"dateModified\":\"2026-04-30T18:56:30+00:00\",\"breadcrumb\":{\"@id\":\"https:\/\/chilpancingo.gob.mx\/portal\/ya-viste-como-va-el-puente-de-los-sauces-%f0%9f%8f%97%ef%b8%8f%f0%9f%8c%89\/#breadcrumb\"},\"inLanguage\":\"es\",\"potentialAction\":[{\"@type\":\"ReadAction\",\"target\":[\"https:\/\/chilpancingo.gob.mx\/portal\/ya-viste-como-va-el-puente-de-los-sauces-%f0%9f%8f%97%ef%b8%8f%f0%9f%8c%89\/\"]}]},{\"@type\":\"ImageObject\",\"inLanguage\":\"es\",\"@id\":\"https:\/\/chilpancingo.gob.mx\/portal\/ya-viste-como-va-el-puente-de-los-sauces-%f0%9f%8f%97%ef%b8%8f%f0%9f%8c%89\/#primaryimage\",\"url\":\"https:\/\/chilpancingo.gob.mx\/portal\/wp-content\/uploads\/2026\/04\/679589619_122199115154551875_4898731659288191366_n.jpg\",\"contentUrl\":\"https:\/\/chilpancingo.gob.mx\/portal\/wp-content\/uploads\/2026\/04\/679589619_122199115154551875_4898731659288191366_n.jpg\",\"width\":378,\"height\":590},{\"@type\":\"BreadcrumbList\",\"@id\":\"https:\/\/chilpancingo.gob.mx\/portal\/ya-viste-como-va-el-puente-de-los-sauces-%f0%9f%8f%97%ef%b8%8f%f0%9f%8c%89\/#breadcrumb\",\"itemListElement\":[{\"@type\":\"ListItem\",\"position\":1,\"name\":\"Inicio\",\"item\":\"https:\/\/chilpancingo.gob.mx\/portal\/\"},{\"@type\":\"ListItem\",\"position\":2,\"name\":\"\u00bfYa viste c\u00f3mo va el puente de Los Sauces? \ud83c\udfd7\ufe0f\ud83c\udf09\"}]},{\"@type\":\"WebSite\",\"@id\":\"https:\/\/chilpancingo.gob.mx\/portal\/#website\",\"url\":\"https:\/\/chilpancingo.gob.mx\/portal\/\",\"name\":\"H. Ayuntamiento de Chilpancingo de los Bravo\",\"description\":\"Chilpancingo de los Bravo  2024 - 2027\",\"publisher\":{\"@id\":\"https:\/\/chilpancingo.gob.mx\/portal\/#organization\"},\"potentialAction\":[{\"@type\":\"SearchAction\",\"target\":{\"@type\":\"EntryPoint\",\"urlTemplate\":\"https:\/\/chilpancingo.gob.mx\/portal\/?s={search_term_string}\"},\"query-input\":{\"@type\":\"PropertyValueSpecification\",\"valueRequired\":true,\"valueName\":\"search_term_string\"}}],\"inLanguage\":\"es\"},{\"@type\":\"Organization\",\"@id\":\"https:\/\/chilpancingo.gob.mx\/portal\/#organization\",\"name\":\"Municipio de Chilpancingo de los Bravo\",\"url\":\"https:\/\/chilpancingo.gob.mx\/portal\/\",\"logo\":{\"@type\":\"ImageObject\",\"inLanguage\":\"es\",\"@id\":\"https:\/\/chilpancingo.gob.mx\/portal\/#\/schema\/logo\/image\/\",\"url\":\"https:\/\/chilpancingo.gob.mx\/portal\/wp-content\/uploads\/2021\/09\/Logo-Oficial-Capital-de-cultura-y-progreso.png\",\"contentUrl\":\"https:\/\/chilpancingo.gob.mx\/portal\/wp-content\/uploads\/2021\/09\/Logo-Oficial-Capital-de-cultura-y-progreso.png\",\"width\":1200,\"height\":623,\"caption\":\"Municipio de Chilpancingo de los Bravo\"},\"image\":{\"@id\":\"https:\/\/chilpancingo.gob.mx\/portal\/#\/schema\/logo\/image\/\"},\"sameAs\":[\"https:\/\/www.facebook.com\/AyuntamientodeChilpancingo\",\"https:\/\/x.com\/otilia_norma\"]},{\"@type\":\"Person\",\"@id\":\"https:\/\/chilpancingo.gob.mx\/portal\/#\/schema\/person\/16194606437a58bb73c4148d5c3f4643\",\"name\":\"Victor Diaz Avila\",\"image\":{\"@type\":\"ImageObject\",\"inLanguage\":\"es\",\"@id\":\"https:\/\/chilpancingo.gob.mx\/portal\/#\/schema\/person\/image\/\",\"url\":\"https:\/\/secure.gravatar.com\/avatar\/617e8c67af79ce0edccb18e9acb4f883bdebc37ceae275f194cab3f5f87d831a?s=96&d=mm&r=g\",\"contentUrl\":\"https:\/\/secure.gravatar.com\/avatar\/617e8c67af79ce0edccb18e9acb4f883bdebc37ceae275f194cab3f5f87d831a?s=96&d=mm&r=g\",\"caption\":\"Victor Diaz Avila\"}}]}<\/script>\n<!-- \/ Yoast SEO plugin. -->","yoast_head_json":{"title":"\u00bfYa viste c\u00f3mo va el puente de Los Sauces? \ud83c\udfd7\ufe0f\ud83c\udf09","robots":{"index":"index","follow":"follow","max-snippet":"max-snippet:-1","max-image-preview":"max-image-preview:large","max-video-preview":"max-video-preview:-1"},"canonical":"https:\/\/chilpancingo.gob.mx\/portal\/ya-viste-como-va-el-puente-de-los-sauces-\ud83c\udfd7\ufe0f\ud83c\udf09\/","og_locale":"es_MX","og_type":"article","og_title":"\u00bfYa viste c\u00f3mo va el puente de Los Sauces? \ud83c\udfd7\ufe0f\ud83c\udf09","og_description":"La rehabilitaci\u00f3n en la barranca Pezuapa va con todo. \ud83d\udcaaEl Dr. Gustavo Alarc\u00f3n nos pidi\u00f3 meterle velocidad para que esta v\u00eda sea segura antes de las lluvias.Menos palabras y m\u00e1s [&hellip;]","og_url":"https:\/\/chilpancingo.gob.mx\/portal\/ya-viste-como-va-el-puente-de-los-sauces-\ud83c\udfd7\ufe0f\ud83c\udf09\/","og_site_name":"H. Ayuntamiento de Chilpancingo de los Bravo","article_publisher":"https:\/\/www.facebook.com\/AyuntamientodeChilpancingo","article_published_time":"2026-04-24T18:54:07+00:00","article_modified_time":"2026-04-30T18:56:30+00:00","og_image":[{"width":378,"height":590,"url":"https:\/\/chilpancingo.gob.mx\/portal\/wp-content\/uploads\/2026\/04\/679589619_122199115154551875_4898731659288191366_n.jpg","type":"image\/jpeg"}],"author":"Victor Diaz Avila","twitter_card":"summary_large_image","twitter_creator":"@otilia_norma","twitter_site":"@otilia_norma","schema":{"@context":"https:\/\/schema.org","@graph":[{"@type":"Article","@id":"https:\/\/chilpancingo.gob.mx\/portal\/ya-viste-como-va-el-puente-de-los-sauces-%f0%9f%8f%97%ef%b8%8f%f0%9f%8c%89\/#article","isPartOf":{"@id":"https:\/\/chilpancingo.gob.mx\/portal\/ya-viste-como-va-el-puente-de-los-sauces-%f0%9f%8f%97%ef%b8%8f%f0%9f%8c%89\/"},"author":{"name":"Victor Diaz Avila","@id":"https:\/\/chilpancingo.gob.mx\/portal\/#\/schema\/person\/16194606437a58bb73c4148d5c3f4643"},"headline":"\u00bfYa viste c\u00f3mo va el puente de Los Sauces? \ud83c\udfd7\ufe0f\ud83c\udf09","datePublished":"2026-04-24T18:54:07+00:00","dateModified":"2026-04-30T18:56:30+00:00","mainEntityOfPage":{"@id":"https:\/\/chilpancingo.gob.mx\/portal\/ya-viste-como-va-el-puente-de-los-sauces-%f0%9f%8f%97%ef%b8%8f%f0%9f%8c%89\/"},"wordCount":56,"publisher":{"@id":"https:\/\/chilpancingo.gob.mx\/portal\/#organization"},"image":{"@id":"https:\/\/chilpancingo.gob.mx\/portal\/ya-viste-como-va-el-puente-de-los-sauces-%f0%9f%8f%97%ef%b8%8f%f0%9f%8c%89\/#primaryimage"},"thumbnailUrl":"https:\/\/chilpancingo.gob.mx\/portal\/wp-content\/uploads\/2026\/04\/679589619_122199115154551875_4898731659288191366_n.jpg","articleSection":["Sala de prensa"],"inLanguage":"es"},{"@type":"WebPage","@id":"https:\/\/chilpancingo.gob.mx\/portal\/ya-viste-como-va-el-puente-de-los-sauces-%f0%9f%8f%97%ef%b8%8f%f0%9f%8c%89\/","url":"https:\/\/chilpancingo.gob.mx\/portal\/ya-viste-como-va-el-puente-de-los-sauces-%f0%9f%8f%97%ef%b8%8f%f0%9f%8c%89\/","name":"\u00bfYa viste c\u00f3mo va el puente de Los Sauces? \ud83c\udfd7\ufe0f\ud83c\udf09","isPartOf":{"@id":"https:\/\/chilpancingo.gob.mx\/portal\/#website"},"primaryImageOfPage":{"@id":"https:\/\/chilpancingo.gob.mx\/portal\/ya-viste-como-va-el-puente-de-los-sauces-%f0%9f%8f%97%ef%b8%8f%f0%9f%8c%89\/#primaryimage"},"image":{"@id":"https:\/\/chilpancingo.gob.mx\/portal\/ya-viste-como-va-el-puente-de-los-sauces-%f0%9f%8f%97%ef%b8%8f%f0%9f%8c%89\/#primaryimage"},"thumbnailUrl":"https:\/\/chilpancingo.gob.mx\/portal\/wp-content\/uploads\/2026\/04\/679589619_122199115154551875_4898731659288191366_n.jpg","datePublished":"2026-04-24T18:54:07+00:00","dateModified":"2026-04-30T18:56:30+00:00","breadcrumb":{"@id":"https:\/\/chilpancingo.gob.mx\/portal\/ya-viste-como-va-el-puente-de-los-sauces-%f0%9f%8f%97%ef%b8%8f%f0%9f%8c%89\/#breadcrumb"},"inLanguage":"es","potentialAction":[{"@type":"ReadAction","target":["https:\/\/chilpancingo.gob.mx\/portal\/ya-viste-como-va-el-puente-de-los-sauces-%f0%9f%8f%97%ef%b8%8f%f0%9f%8c%89\/"]}]},{"@type":"ImageObject","inLanguage":"es","@id":"https:\/\/chilpancingo.gob.mx\/portal\/ya-viste-como-va-el-puente-de-los-sauces-%f0%9f%8f%97%ef%b8%8f%f0%9f%8c%89\/#primaryimage","url":"https:\/\/chilpancingo.gob.mx\/portal\/wp-content\/uploads\/2026\/04\/679589619_122199115154551875_4898731659288191366_n.jpg","contentUrl":"https:\/\/chilpancingo.gob.mx\/portal\/wp-content\/uploads\/2026\/04\/679589619_122199115154551875_4898731659288191366_n.jpg","width":378,"height":590},{"@type":"BreadcrumbList","@id":"https:\/\/chilpancingo.gob.mx\/portal\/ya-viste-como-va-el-puente-de-los-sauces-%f0%9f%8f%97%ef%b8%8f%f0%9f%8c%89\/#breadcrumb","itemListElement":[{"@type":"ListItem","position":1,"name":"Inicio","item":"https:\/\/chilpancingo.gob.mx\/portal\/"},{"@type":"ListItem","position":2,"name":"\u00bfYa viste c\u00f3mo va el puente de Los Sauces? \ud83c\udfd7\ufe0f\ud83c\udf09"}]},{"@type":"WebSite","@id":"https:\/\/chilpancingo.gob.mx\/portal\/#website","url":"https:\/\/chilpancingo.gob.mx\/portal\/","name":"H. Ayuntamiento de Chilpancingo de los Bravo","description":"Chilpancingo de los Bravo  2024 - 2027","publisher":{"@id":"https:\/\/chilpancingo.gob.mx\/portal\/#organization"},"potentialAction":[{"@type":"SearchAction","target":{"@type":"EntryPoint","urlTemplate":"https:\/\/chilpancingo.gob.mx\/portal\/?s={search_term_string}"},"query-input":{"@type":"PropertyValueSpecification","valueRequired":true,"valueName":"search_term_string"}}],"inLanguage":"es"},{"@type":"Organization","@id":"https:\/\/chilpancingo.gob.mx\/portal\/#organization","name":"Municipio de Chilpancingo de los Bravo","url":"https:\/\/chilpancingo.gob.mx\/portal\/","logo":{"@type":"ImageObject","inLanguage":"es","@id":"https:\/\/chilpancingo.gob.mx\/portal\/#\/schema\/logo\/image\/","url":"https:\/\/chilpancingo.gob.mx\/portal\/wp-content\/uploads\/2021\/09\/Logo-Oficial-Capital-de-cultura-y-progreso.png","contentUrl":"https:\/\/chilpancingo.gob.mx\/portal\/wp-content\/uploads\/2021\/09\/Logo-Oficial-Capital-de-cultura-y-progreso.png","width":1200,"height":623,"caption":"Municipio de Chilpancingo de los Bravo"},"image":{"@id":"https:\/\/chilpancingo.gob.mx\/portal\/#\/schema\/logo\/image\/"},"sameAs":["https:\/\/www.facebook.com\/AyuntamientodeChilpancingo","https:\/\/x.com\/otilia_norma"]},{"@type":"Person","@id":"https:\/\/chilpancingo.gob.mx\/portal\/#\/schema\/person\/16194606437a58bb73c4148d5c3f4643","name":"Victor Diaz Avila","image":{"@type":"ImageObject","inLanguage":"es","@id":"https:\/\/chilpancingo.gob.mx\/portal\/#\/schema\/person\/image\/","url":"https:\/\/secure.gravatar.com\/avatar\/617e8c67af79ce0edccb18e9acb4f883bdebc37ceae275f194cab3f5f87d831a?s=96&d=mm&r=g","contentUrl":"https:\/\/secure.gravatar.com\/avatar\/617e8c67af79ce0edccb18e9acb4f883bdebc37ceae275f194cab3f5f87d831a?s=96&d=mm&r=g","caption":"Victor Diaz Avila"}}]}},"_links":{"self":[{"href":"https:\/\/chilpancingo.gob.mx\/portal\/wp-json\/wp\/v2\/posts\/21310","targetHints":{"allow":["GET"]}}],"collection":[{"href":"https:\/\/chilpancingo.gob.mx\/portal\/wp-json\/wp\/v2\/posts"}],"about":[{"href":"https:\/\/chilpancingo.gob.mx\/portal\/wp-json\/wp\/v2\/types\/post"}],"author":[{"embeddable":true,"href":"https:\/\/chilpancingo.gob.mx\/portal\/wp-json\/wp\/v2\/users\/5"}],"replies":[{"embeddable":true,"href":"https:\/\/chilpancingo.gob.mx\/portal\/wp-json\/wp\/v2\/comments?post=21310"}],"version-history":[{"count":1,"href":"https:\/\/chilpancingo.gob.mx\/portal\/wp-json\/wp\/v2\/posts\/21310\/revisions"}],"predecessor-version":[{"id":21318,"href":"https:\/\/chilpancingo.gob.mx\/portal\/wp-json\/wp\/v2\/posts\/21310\/revisions\/21318"}],"wp:featuredmedia":[{"embeddable":true,"href":"https:\/\/chilpancingo.gob.mx\/portal\/wp-json\/wp\/v2\/media\/21317"}],"wp:attachment":[{"href":"https:\/\/chilpancingo.gob.mx\/portal\/wp-json\/wp\/v2\/media?parent=21310"}],"wp:term":[{"taxonomy":"category","embeddable":true,"href":"https:\/\/chilpancingo.gob.mx\/portal\/wp-json\/wp\/v2\/categories?post=21310"},{"taxonomy":"post_tag","embeddable":true,"href":"https:\/\/chilpancingo.gob.mx\/portal\/wp-json\/wp\/v2\/tags?post=21310"}],"curies":[{"name":"wp","href":"https:\/\/api.w.org\/{rel}","templated":true}]}}