{"id":21337,"date":"2026-04-25T13:01:17","date_gmt":"2026-04-25T19:01:17","guid":{"rendered":"https:\/\/chilpancingo.gob.mx\/portal\/?p=21337"},"modified":"2026-04-30T13:11:54","modified_gmt":"2026-04-30T19:11:54","slug":"festejamos-el-xliv-aniversario-de-la-colonia-villa-cooperativa-%f0%9f%8f%97%ef%b8%8f","status":"publish","type":"post","link":"https:\/\/chilpancingo.gob.mx\/portal\/festejamos-el-xliv-aniversario-de-la-colonia-villa-cooperativa-%f0%9f%8f%97%ef%b8%8f\/","title":{"rendered":"Festejamos el XLIV Aniversario de la colonia Villa Cooperativa. \ud83c\udfd7\ufe0f"},"content":{"rendered":"\n<p>El Dr. Gustavo Alarc\u00f3n Herrera impuls\u00f3 la convivencia con actividades deportivas, carreras infantiles que fomentan la salud y la sana competencia.<br>Acciones enfocadas en el desarrollo de nuestras ni\u00f1as y ni\u00f1os hoy hay orden y presencia en las colonias.<br>La historia de nuestra capital se construye con participaci\u00f3n ciudadana.<br>El presupuesto rinde cuando se aplica en lo que importa; con un gobierno operativo y cercano a la gente.<br>Seguimos trabajando en territorio y presentes contigo porque unidos, Chilpancingo renace.<\/p>\n\n\n\n<h3 class=\"wp-block-heading\">Chilpancingo<\/h3>\n\n\n\n<h3 class=\"wp-block-heading\">UnidosChilpancingoRenace<\/h3>\n\n\n\n<figure class=\"wp-block-gallery has-nested-images columns-default is-cropped wp-block-gallery-1 is-layout-flex wp-block-gallery-is-layout-flex\">\n<figure class=\"wp-block-image size-large\"><img fetchpriority=\"high\" decoding=\"async\" width=\"1024\" height=\"683\" data-id=\"21367\" src=\"https:\/\/chilpancingo.gob.mx\/portal\/wp-content\/uploads\/2026\/04\/679380940_122199288710551875_4977926299645333778_n-1024x683.jpg\" alt=\"\" class=\"wp-image-21367\" srcset=\"https:\/\/chilpancingo.gob.mx\/portal\/wp-content\/uploads\/2026\/04\/679380940_122199288710551875_4977926299645333778_n-1024x683.jpg 1024w, https:\/\/chilpancingo.gob.mx\/portal\/wp-content\/uploads\/2026\/04\/679380940_122199288710551875_4977926299645333778_n-300x200.jpg 300w, https:\/\/chilpancingo.gob.mx\/portal\/wp-content\/uploads\/2026\/04\/679380940_122199288710551875_4977926299645333778_n-768x512.jpg 768w, https:\/\/chilpancingo.gob.mx\/portal\/wp-content\/uploads\/2026\/04\/679380940_122199288710551875_4977926299645333778_n-1536x1024.jpg 1536w, https:\/\/chilpancingo.gob.mx\/portal\/wp-content\/uploads\/2026\/04\/679380940_122199288710551875_4977926299645333778_n.jpg 1599w\" sizes=\"(max-width: 1024px) 100vw, 1024px\" \/><\/figure>\n\n\n\n<figure class=\"wp-block-image size-large\"><img decoding=\"async\" width=\"1024\" height=\"683\" data-id=\"21362\" src=\"https:\/\/chilpancingo.gob.mx\/portal\/wp-content\/uploads\/2026\/04\/679037632_122199288668551875_3664602711656023766_n-1024x683.jpg\" alt=\"\" class=\"wp-image-21362\" srcset=\"https:\/\/chilpancingo.gob.mx\/portal\/wp-content\/uploads\/2026\/04\/679037632_122199288668551875_3664602711656023766_n-1024x683.jpg 1024w, https:\/\/chilpancingo.gob.mx\/portal\/wp-content\/uploads\/2026\/04\/679037632_122199288668551875_3664602711656023766_n-300x200.jpg 300w, https:\/\/chilpancingo.gob.mx\/portal\/wp-content\/uploads\/2026\/04\/679037632_122199288668551875_3664602711656023766_n-768x512.jpg 768w, https:\/\/chilpancingo.gob.mx\/portal\/wp-content\/uploads\/2026\/04\/679037632_122199288668551875_3664602711656023766_n-1536x1024.jpg 1536w, https:\/\/chilpancingo.gob.mx\/portal\/wp-content\/uploads\/2026\/04\/679037632_122199288668551875_3664602711656023766_n.jpg 1599w\" sizes=\"(max-width: 1024px) 100vw, 1024px\" \/><\/figure>\n\n\n\n<figure class=\"wp-block-image size-large\"><img decoding=\"async\" width=\"1024\" height=\"683\" data-id=\"21351\" src=\"https:\/\/chilpancingo.gob.mx\/portal\/wp-content\/uploads\/2026\/04\/680633062_122199288494551875_1070381129464935021_n-1024x683.jpg\" alt=\"\" class=\"wp-image-21351\" srcset=\"https:\/\/chilpancingo.gob.mx\/portal\/wp-content\/uploads\/2026\/04\/680633062_122199288494551875_1070381129464935021_n-1024x683.jpg 1024w, https:\/\/chilpancingo.gob.mx\/portal\/wp-content\/uploads\/2026\/04\/680633062_122199288494551875_1070381129464935021_n-300x200.jpg 300w, https:\/\/chilpancingo.gob.mx\/portal\/wp-content\/uploads\/2026\/04\/680633062_122199288494551875_1070381129464935021_n-768x512.jpg 768w, https:\/\/chilpancingo.gob.mx\/portal\/wp-content\/uploads\/2026\/04\/680633062_122199288494551875_1070381129464935021_n-1536x1024.jpg 1536w, https:\/\/chilpancingo.gob.mx\/portal\/wp-content\/uploads\/2026\/04\/680633062_122199288494551875_1070381129464935021_n.jpg 1599w\" sizes=\"(max-width: 1024px) 100vw, 1024px\" \/><\/figure>\n\n\n\n<figure class=\"wp-block-image size-large\"><img loading=\"lazy\" decoding=\"async\" width=\"1024\" height=\"683\" data-id=\"21354\" src=\"https:\/\/chilpancingo.gob.mx\/portal\/wp-content\/uploads\/2026\/04\/679490325_122199288410551875_4815832776776972093_n-1024x683.jpg\" alt=\"\" class=\"wp-image-21354\" srcset=\"https:\/\/chilpancingo.gob.mx\/portal\/wp-content\/uploads\/2026\/04\/679490325_122199288410551875_4815832776776972093_n-1024x683.jpg 1024w, https:\/\/chilpancingo.gob.mx\/portal\/wp-content\/uploads\/2026\/04\/679490325_122199288410551875_4815832776776972093_n-300x200.jpg 300w, https:\/\/chilpancingo.gob.mx\/portal\/wp-content\/uploads\/2026\/04\/679490325_122199288410551875_4815832776776972093_n-768x512.jpg 768w, https:\/\/chilpancingo.gob.mx\/portal\/wp-content\/uploads\/2026\/04\/679490325_122199288410551875_4815832776776972093_n-1536x1024.jpg 1536w, https:\/\/chilpancingo.gob.mx\/portal\/wp-content\/uploads\/2026\/04\/679490325_122199288410551875_4815832776776972093_n.jpg 1599w\" sizes=\"(max-width: 1024px) 100vw, 1024px\" \/><\/figure>\n\n\n\n<figure class=\"wp-block-image size-large\"><img loading=\"lazy\" decoding=\"async\" width=\"1024\" height=\"683\" data-id=\"21349\" src=\"https:\/\/chilpancingo.gob.mx\/portal\/wp-content\/uploads\/2026\/04\/679023217_122199288368551875_8202670060921963844_n-1024x683.jpg\" alt=\"\" class=\"wp-image-21349\" srcset=\"https:\/\/chilpancingo.gob.mx\/portal\/wp-content\/uploads\/2026\/04\/679023217_122199288368551875_8202670060921963844_n-1024x683.jpg 1024w, https:\/\/chilpancingo.gob.mx\/portal\/wp-content\/uploads\/2026\/04\/679023217_122199288368551875_8202670060921963844_n-300x200.jpg 300w, https:\/\/chilpancingo.gob.mx\/portal\/wp-content\/uploads\/2026\/04\/679023217_122199288368551875_8202670060921963844_n-768x512.jpg 768w, https:\/\/chilpancingo.gob.mx\/portal\/wp-content\/uploads\/2026\/04\/679023217_122199288368551875_8202670060921963844_n-1536x1024.jpg 1536w, https:\/\/chilpancingo.gob.mx\/portal\/wp-content\/uploads\/2026\/04\/679023217_122199288368551875_8202670060921963844_n.jpg 1599w\" sizes=\"(max-width: 1024px) 100vw, 1024px\" \/><\/figure>\n\n\n\n<figure class=\"wp-block-image size-large\"><img loading=\"lazy\" decoding=\"async\" width=\"1024\" height=\"683\" data-id=\"21350\" src=\"https:\/\/chilpancingo.gob.mx\/portal\/wp-content\/uploads\/2026\/04\/682871266_122199288302551875_1880832251869155721_n-1024x683.jpg\" alt=\"\" class=\"wp-image-21350\" srcset=\"https:\/\/chilpancingo.gob.mx\/portal\/wp-content\/uploads\/2026\/04\/682871266_122199288302551875_1880832251869155721_n-1024x683.jpg 1024w, https:\/\/chilpancingo.gob.mx\/portal\/wp-content\/uploads\/2026\/04\/682871266_122199288302551875_1880832251869155721_n-300x200.jpg 300w, https:\/\/chilpancingo.gob.mx\/portal\/wp-content\/uploads\/2026\/04\/682871266_122199288302551875_1880832251869155721_n-768x512.jpg 768w, https:\/\/chilpancingo.gob.mx\/portal\/wp-content\/uploads\/2026\/04\/682871266_122199288302551875_1880832251869155721_n-1536x1024.jpg 1536w, https:\/\/chilpancingo.gob.mx\/portal\/wp-content\/uploads\/2026\/04\/682871266_122199288302551875_1880832251869155721_n.jpg 1200w\" sizes=\"(max-width: 1024px) 100vw, 1024px\" \/><\/figure>\n\n\n\n<figure class=\"wp-block-image size-large\"><img loading=\"lazy\" decoding=\"async\" width=\"1024\" height=\"683\" data-id=\"21358\" src=\"https:\/\/chilpancingo.gob.mx\/portal\/wp-content\/uploads\/2026\/04\/681195297_122199288200551875_5365144956038358794_n-1024x683.jpg\" alt=\"\" class=\"wp-image-21358\" srcset=\"https:\/\/chilpancingo.gob.mx\/portal\/wp-content\/uploads\/2026\/04\/681195297_122199288200551875_5365144956038358794_n-1024x683.jpg 1024w, https:\/\/chilpancingo.gob.mx\/portal\/wp-content\/uploads\/2026\/04\/681195297_122199288200551875_5365144956038358794_n-300x200.jpg 300w, https:\/\/chilpancingo.gob.mx\/portal\/wp-content\/uploads\/2026\/04\/681195297_122199288200551875_5365144956038358794_n-768x512.jpg 768w, https:\/\/chilpancingo.gob.mx\/portal\/wp-content\/uploads\/2026\/04\/681195297_122199288200551875_5365144956038358794_n-1536x1024.jpg 1536w, https:\/\/chilpancingo.gob.mx\/portal\/wp-content\/uploads\/2026\/04\/681195297_122199288200551875_5365144956038358794_n.jpg 1200w\" sizes=\"(max-width: 1024px) 100vw, 1024px\" \/><\/figure>\n\n\n\n<figure class=\"wp-block-image size-large\"><img loading=\"lazy\" decoding=\"async\" width=\"1024\" height=\"683\" data-id=\"21360\" src=\"https:\/\/chilpancingo.gob.mx\/portal\/wp-content\/uploads\/2026\/04\/678659911_122199288146551875_6463924225050428773_n-1024x683.jpg\" alt=\"\" class=\"wp-image-21360\" srcset=\"https:\/\/chilpancingo.gob.mx\/portal\/wp-content\/uploads\/2026\/04\/678659911_122199288146551875_6463924225050428773_n-1024x683.jpg 1024w, https:\/\/chilpancingo.gob.mx\/portal\/wp-content\/uploads\/2026\/04\/678659911_122199288146551875_6463924225050428773_n-300x200.jpg 300w, https:\/\/chilpancingo.gob.mx\/portal\/wp-content\/uploads\/2026\/04\/678659911_122199288146551875_6463924225050428773_n-768x512.jpg 768w, https:\/\/chilpancingo.gob.mx\/portal\/wp-content\/uploads\/2026\/04\/678659911_122199288146551875_6463924225050428773_n-1536x1024.jpg 1536w, https:\/\/chilpancingo.gob.mx\/portal\/wp-content\/uploads\/2026\/04\/678659911_122199288146551875_6463924225050428773_n.jpg 1599w\" sizes=\"(max-width: 1024px) 100vw, 1024px\" \/><\/figure>\n\n\n\n<figure class=\"wp-block-image size-large\"><img loading=\"lazy\" decoding=\"async\" width=\"1024\" height=\"683\" data-id=\"21361\" src=\"https:\/\/chilpancingo.gob.mx\/portal\/wp-content\/uploads\/2026\/04\/679453841_122199288050551875_6699165348365133013_n-1024x683.jpg\" alt=\"\" class=\"wp-image-21361\" srcset=\"https:\/\/chilpancingo.gob.mx\/portal\/wp-content\/uploads\/2026\/04\/679453841_122199288050551875_6699165348365133013_n-1024x683.jpg 1024w, https:\/\/chilpancingo.gob.mx\/portal\/wp-content\/uploads\/2026\/04\/679453841_122199288050551875_6699165348365133013_n-300x200.jpg 300w, https:\/\/chilpancingo.gob.mx\/portal\/wp-content\/uploads\/2026\/04\/679453841_122199288050551875_6699165348365133013_n-768x512.jpg 768w, https:\/\/chilpancingo.gob.mx\/portal\/wp-content\/uploads\/2026\/04\/679453841_122199288050551875_6699165348365133013_n-1536x1024.jpg 1536w, https:\/\/chilpancingo.gob.mx\/portal\/wp-content\/uploads\/2026\/04\/679453841_122199288050551875_6699165348365133013_n.jpg 1599w\" sizes=\"(max-width: 1024px) 100vw, 1024px\" \/><\/figure>\n\n\n\n<figure class=\"wp-block-image size-large\"><img loading=\"lazy\" decoding=\"async\" width=\"1024\" height=\"683\" data-id=\"21352\" src=\"https:\/\/chilpancingo.gob.mx\/portal\/wp-content\/uploads\/2026\/04\/682029608_122199287996551875_548594768818950607_n-1024x683.jpg\" alt=\"\" class=\"wp-image-21352\" srcset=\"https:\/\/chilpancingo.gob.mx\/portal\/wp-content\/uploads\/2026\/04\/682029608_122199287996551875_548594768818950607_n-1024x683.jpg 1024w, https:\/\/chilpancingo.gob.mx\/portal\/wp-content\/uploads\/2026\/04\/682029608_122199287996551875_548594768818950607_n-300x200.jpg 300w, https:\/\/chilpancingo.gob.mx\/portal\/wp-content\/uploads\/2026\/04\/682029608_122199287996551875_548594768818950607_n-768x512.jpg 768w, https:\/\/chilpancingo.gob.mx\/portal\/wp-content\/uploads\/2026\/04\/682029608_122199287996551875_548594768818950607_n-1536x1024.jpg 1536w, https:\/\/chilpancingo.gob.mx\/portal\/wp-content\/uploads\/2026\/04\/682029608_122199287996551875_548594768818950607_n.jpg 1200w\" sizes=\"(max-width: 1024px) 100vw, 1024px\" \/><\/figure>\n\n\n\n<figure class=\"wp-block-image size-large\"><img loading=\"lazy\" decoding=\"async\" width=\"1024\" height=\"683\" data-id=\"21355\" src=\"https:\/\/chilpancingo.gob.mx\/portal\/wp-content\/uploads\/2026\/04\/679626278_122199287948551875_7684910367505038988_n-1024x683.jpg\" alt=\"\" class=\"wp-image-21355\" srcset=\"https:\/\/chilpancingo.gob.mx\/portal\/wp-content\/uploads\/2026\/04\/679626278_122199287948551875_7684910367505038988_n-1024x683.jpg 1024w, https:\/\/chilpancingo.gob.mx\/portal\/wp-content\/uploads\/2026\/04\/679626278_122199287948551875_7684910367505038988_n-300x200.jpg 300w, https:\/\/chilpancingo.gob.mx\/portal\/wp-content\/uploads\/2026\/04\/679626278_122199287948551875_7684910367505038988_n-768x512.jpg 768w, https:\/\/chilpancingo.gob.mx\/portal\/wp-content\/uploads\/2026\/04\/679626278_122199287948551875_7684910367505038988_n-1536x1024.jpg 1536w, https:\/\/chilpancingo.gob.mx\/portal\/wp-content\/uploads\/2026\/04\/679626278_122199287948551875_7684910367505038988_n.jpg 1200w\" sizes=\"(max-width: 1024px) 100vw, 1024px\" \/><\/figure>\n\n\n\n<figure class=\"wp-block-image size-large\"><img loading=\"lazy\" decoding=\"async\" width=\"1024\" height=\"683\" data-id=\"21369\" src=\"https:\/\/chilpancingo.gob.mx\/portal\/wp-content\/uploads\/2026\/04\/679453837_122199287858551875_2574678940470851318_n-1024x683.jpg\" alt=\"\" class=\"wp-image-21369\" srcset=\"https:\/\/chilpancingo.gob.mx\/portal\/wp-content\/uploads\/2026\/04\/679453837_122199287858551875_2574678940470851318_n-1024x683.jpg 1024w, https:\/\/chilpancingo.gob.mx\/portal\/wp-content\/uploads\/2026\/04\/679453837_122199287858551875_2574678940470851318_n-300x200.jpg 300w, https:\/\/chilpancingo.gob.mx\/portal\/wp-content\/uploads\/2026\/04\/679453837_122199287858551875_2574678940470851318_n-768x512.jpg 768w, https:\/\/chilpancingo.gob.mx\/portal\/wp-content\/uploads\/2026\/04\/679453837_122199287858551875_2574678940470851318_n-1536x1024.jpg 1536w, https:\/\/chilpancingo.gob.mx\/portal\/wp-content\/uploads\/2026\/04\/679453837_122199287858551875_2574678940470851318_n.jpg 1200w\" sizes=\"(max-width: 1024px) 100vw, 1024px\" \/><\/figure>\n\n\n\n<figure class=\"wp-block-image size-large\"><img loading=\"lazy\" decoding=\"async\" width=\"1024\" height=\"683\" data-id=\"21365\" src=\"https:\/\/chilpancingo.gob.mx\/portal\/wp-content\/uploads\/2026\/04\/679773753_122199287810551875_5258341686817592167_n-1024x683.jpg\" alt=\"\" class=\"wp-image-21365\" srcset=\"https:\/\/chilpancingo.gob.mx\/portal\/wp-content\/uploads\/2026\/04\/679773753_122199287810551875_5258341686817592167_n-1024x683.jpg 1024w, https:\/\/chilpancingo.gob.mx\/portal\/wp-content\/uploads\/2026\/04\/679773753_122199287810551875_5258341686817592167_n-300x200.jpg 300w, https:\/\/chilpancingo.gob.mx\/portal\/wp-content\/uploads\/2026\/04\/679773753_122199287810551875_5258341686817592167_n-768x512.jpg 768w, https:\/\/chilpancingo.gob.mx\/portal\/wp-content\/uploads\/2026\/04\/679773753_122199287810551875_5258341686817592167_n-1536x1024.jpg 1536w, https:\/\/chilpancingo.gob.mx\/portal\/wp-content\/uploads\/2026\/04\/679773753_122199287810551875_5258341686817592167_n.jpg 1599w\" sizes=\"(max-width: 1024px) 100vw, 1024px\" \/><\/figure>\n\n\n\n<figure class=\"wp-block-image size-large\"><img loading=\"lazy\" decoding=\"async\" width=\"590\" height=\"393\" data-id=\"21357\" src=\"https:\/\/chilpancingo.gob.mx\/portal\/wp-content\/uploads\/2026\/04\/679839583_122199287762551875_7128762407906448229_n.jpg\" alt=\"\" class=\"wp-image-21357\" srcset=\"https:\/\/chilpancingo.gob.mx\/portal\/wp-content\/uploads\/2026\/04\/679839583_122199287762551875_7128762407906448229_n.jpg 590w, https:\/\/chilpancingo.gob.mx\/portal\/wp-content\/uploads\/2026\/04\/679839583_122199287762551875_7128762407906448229_n-300x200.jpg 300w\" sizes=\"(max-width: 590px) 100vw, 590px\" \/><\/figure>\n\n\n\n<figure class=\"wp-block-image size-large\"><img loading=\"lazy\" decoding=\"async\" width=\"590\" height=\"393\" data-id=\"21359\" src=\"https:\/\/chilpancingo.gob.mx\/portal\/wp-content\/uploads\/2026\/04\/680115451_122199287708551875_3225474560238499150_n.jpg\" alt=\"\" class=\"wp-image-21359\" srcset=\"https:\/\/chilpancingo.gob.mx\/portal\/wp-content\/uploads\/2026\/04\/680115451_122199287708551875_3225474560238499150_n.jpg 590w, https:\/\/chilpancingo.gob.mx\/portal\/wp-content\/uploads\/2026\/04\/680115451_122199287708551875_3225474560238499150_n-300x200.jpg 300w\" sizes=\"(max-width: 590px) 100vw, 590px\" \/><\/figure>\n\n\n\n<figure class=\"wp-block-image size-large\"><img loading=\"lazy\" decoding=\"async\" width=\"590\" height=\"393\" data-id=\"21353\" src=\"https:\/\/chilpancingo.gob.mx\/portal\/wp-content\/uploads\/2026\/04\/680668199_122199287660551875_3285380154555220757_n.jpg\" alt=\"\" class=\"wp-image-21353\" srcset=\"https:\/\/chilpancingo.gob.mx\/portal\/wp-content\/uploads\/2026\/04\/680668199_122199287660551875_3285380154555220757_n.jpg 590w, https:\/\/chilpancingo.gob.mx\/portal\/wp-content\/uploads\/2026\/04\/680668199_122199287660551875_3285380154555220757_n-300x200.jpg 300w\" sizes=\"(max-width: 590px) 100vw, 590px\" \/><\/figure>\n\n\n\n<figure class=\"wp-block-image size-large\"><img loading=\"lazy\" decoding=\"async\" width=\"590\" height=\"393\" data-id=\"21356\" src=\"https:\/\/chilpancingo.gob.mx\/portal\/wp-content\/uploads\/2026\/04\/679611841_122199287606551875_8662934074505539594_n.jpg\" alt=\"\" class=\"wp-image-21356\" srcset=\"https:\/\/chilpancingo.gob.mx\/portal\/wp-content\/uploads\/2026\/04\/679611841_122199287606551875_8662934074505539594_n.jpg 590w, https:\/\/chilpancingo.gob.mx\/portal\/wp-content\/uploads\/2026\/04\/679611841_122199287606551875_8662934074505539594_n-300x200.jpg 300w\" sizes=\"(max-width: 590px) 100vw, 590px\" \/><\/figure>\n<\/figure>\n","protected":false},"excerpt":{"rendered":"<p>El Dr. Gustavo Alarc\u00f3n Herrera impuls\u00f3 la convivencia con actividades deportivas, carreras infantiles que fomentan la salud y la sana competencia.Acciones enfocadas en el desarrollo de nuestras ni\u00f1as y ni\u00f1os [&hellip;]<\/p>\n","protected":false},"author":5,"featured_media":21351,"comment_status":"closed","ping_status":"closed","sticky":false,"template":"","format":"standard","meta":{"pgc_sgb_lightbox_settings":"","footnotes":""},"categories":[1],"tags":[],"class_list":["post-21337","post","type-post","status-publish","format-standard","has-post-thumbnail","hentry","category-sala-de-prensa"],"yoast_head":"<!-- This site is optimized with the Yoast SEO plugin v23.8 - https:\/\/yoast.com\/wordpress\/plugins\/seo\/ -->\n<title>Festejamos el XLIV Aniversario de la colonia Villa Cooperativa. \ud83c\udfd7\ufe0f<\/title>\n<meta name=\"robots\" content=\"index, follow, max-snippet:-1, max-image-preview:large, max-video-preview:-1\" \/>\n<link rel=\"canonical\" href=\"https:\/\/chilpancingo.gob.mx\/portal\/festejamos-el-xliv-aniversario-de-la-colonia-villa-cooperativa-\ud83c\udfd7\ufe0f\/\" \/>\n<meta property=\"og:locale\" content=\"es_MX\" \/>\n<meta property=\"og:type\" content=\"article\" \/>\n<meta property=\"og:title\" content=\"Festejamos el XLIV Aniversario de la colonia Villa Cooperativa. \ud83c\udfd7\ufe0f\" \/>\n<meta property=\"og:description\" content=\"El Dr. Gustavo Alarc\u00f3n Herrera impuls\u00f3 la convivencia con actividades deportivas, carreras infantiles que fomentan la salud y la sana competencia.Acciones enfocadas en el desarrollo de nuestras ni\u00f1as y ni\u00f1os [&hellip;]\" \/>\n<meta property=\"og:url\" content=\"https:\/\/chilpancingo.gob.mx\/portal\/festejamos-el-xliv-aniversario-de-la-colonia-villa-cooperativa-\ud83c\udfd7\ufe0f\/\" \/>\n<meta property=\"og:site_name\" content=\"H. Ayuntamiento de Chilpancingo de los Bravo\" \/>\n<meta property=\"article:publisher\" content=\"https:\/\/www.facebook.com\/AyuntamientodeChilpancingo\" \/>\n<meta property=\"article:published_time\" content=\"2026-04-25T19:01:17+00:00\" \/>\n<meta property=\"article:modified_time\" content=\"2026-04-30T19:11:54+00:00\" \/>\n<meta property=\"og:image\" content=\"https:\/\/chilpancingo.gob.mx\/portal\/wp-content\/uploads\/2026\/04\/680633062_122199288494551875_1070381129464935021_n.jpg\" \/>\n\t<meta property=\"og:image:width\" content=\"1599\" \/>\n\t<meta property=\"og:image:height\" content=\"1066\" \/>\n\t<meta property=\"og:image:type\" content=\"image\/jpeg\" \/>\n<meta name=\"author\" content=\"Victor Diaz Avila\" \/>\n<meta name=\"twitter:card\" content=\"summary_large_image\" \/>\n<meta name=\"twitter:creator\" content=\"@otilia_norma\" \/>\n<meta name=\"twitter:site\" content=\"@otilia_norma\" \/>\n<script type=\"application\/ld+json\" class=\"yoast-schema-graph\">{\"@context\":\"https:\/\/schema.org\",\"@graph\":[{\"@type\":\"Article\",\"@id\":\"https:\/\/chilpancingo.gob.mx\/portal\/festejamos-el-xliv-aniversario-de-la-colonia-villa-cooperativa-%f0%9f%8f%97%ef%b8%8f\/#article\",\"isPartOf\":{\"@id\":\"https:\/\/chilpancingo.gob.mx\/portal\/festejamos-el-xliv-aniversario-de-la-colonia-villa-cooperativa-%f0%9f%8f%97%ef%b8%8f\/\"},\"author\":{\"name\":\"Victor Diaz Avila\",\"@id\":\"https:\/\/chilpancingo.gob.mx\/portal\/#\/schema\/person\/16194606437a58bb73c4148d5c3f4643\"},\"headline\":\"Festejamos el XLIV Aniversario de la colonia Villa Cooperativa. \ud83c\udfd7\ufe0f\",\"datePublished\":\"2026-04-25T19:01:17+00:00\",\"dateModified\":\"2026-04-30T19:11:54+00:00\",\"mainEntityOfPage\":{\"@id\":\"https:\/\/chilpancingo.gob.mx\/portal\/festejamos-el-xliv-aniversario-de-la-colonia-villa-cooperativa-%f0%9f%8f%97%ef%b8%8f\/\"},\"wordCount\":94,\"publisher\":{\"@id\":\"https:\/\/chilpancingo.gob.mx\/portal\/#organization\"},\"image\":{\"@id\":\"https:\/\/chilpancingo.gob.mx\/portal\/festejamos-el-xliv-aniversario-de-la-colonia-villa-cooperativa-%f0%9f%8f%97%ef%b8%8f\/#primaryimage\"},\"thumbnailUrl\":\"https:\/\/chilpancingo.gob.mx\/portal\/wp-content\/uploads\/2026\/04\/680633062_122199288494551875_1070381129464935021_n.jpg\",\"articleSection\":[\"Sala de prensa\"],\"inLanguage\":\"es\"},{\"@type\":\"WebPage\",\"@id\":\"https:\/\/chilpancingo.gob.mx\/portal\/festejamos-el-xliv-aniversario-de-la-colonia-villa-cooperativa-%f0%9f%8f%97%ef%b8%8f\/\",\"url\":\"https:\/\/chilpancingo.gob.mx\/portal\/festejamos-el-xliv-aniversario-de-la-colonia-villa-cooperativa-%f0%9f%8f%97%ef%b8%8f\/\",\"name\":\"Festejamos el XLIV Aniversario de la colonia Villa Cooperativa. \ud83c\udfd7\ufe0f\",\"isPartOf\":{\"@id\":\"https:\/\/chilpancingo.gob.mx\/portal\/#website\"},\"primaryImageOfPage\":{\"@id\":\"https:\/\/chilpancingo.gob.mx\/portal\/festejamos-el-xliv-aniversario-de-la-colonia-villa-cooperativa-%f0%9f%8f%97%ef%b8%8f\/#primaryimage\"},\"image\":{\"@id\":\"https:\/\/chilpancingo.gob.mx\/portal\/festejamos-el-xliv-aniversario-de-la-colonia-villa-cooperativa-%f0%9f%8f%97%ef%b8%8f\/#primaryimage\"},\"thumbnailUrl\":\"https:\/\/chilpancingo.gob.mx\/portal\/wp-content\/uploads\/2026\/04\/680633062_122199288494551875_1070381129464935021_n.jpg\",\"datePublished\":\"2026-04-25T19:01:17+00:00\",\"dateModified\":\"2026-04-30T19:11:54+00:00\",\"breadcrumb\":{\"@id\":\"https:\/\/chilpancingo.gob.mx\/portal\/festejamos-el-xliv-aniversario-de-la-colonia-villa-cooperativa-%f0%9f%8f%97%ef%b8%8f\/#breadcrumb\"},\"inLanguage\":\"es\",\"potentialAction\":[{\"@type\":\"ReadAction\",\"target\":[\"https:\/\/chilpancingo.gob.mx\/portal\/festejamos-el-xliv-aniversario-de-la-colonia-villa-cooperativa-%f0%9f%8f%97%ef%b8%8f\/\"]}]},{\"@type\":\"ImageObject\",\"inLanguage\":\"es\",\"@id\":\"https:\/\/chilpancingo.gob.mx\/portal\/festejamos-el-xliv-aniversario-de-la-colonia-villa-cooperativa-%f0%9f%8f%97%ef%b8%8f\/#primaryimage\",\"url\":\"https:\/\/chilpancingo.gob.mx\/portal\/wp-content\/uploads\/2026\/04\/680633062_122199288494551875_1070381129464935021_n.jpg\",\"contentUrl\":\"https:\/\/chilpancingo.gob.mx\/portal\/wp-content\/uploads\/2026\/04\/680633062_122199288494551875_1070381129464935021_n.jpg\",\"width\":1599,\"height\":1066},{\"@type\":\"BreadcrumbList\",\"@id\":\"https:\/\/chilpancingo.gob.mx\/portal\/festejamos-el-xliv-aniversario-de-la-colonia-villa-cooperativa-%f0%9f%8f%97%ef%b8%8f\/#breadcrumb\",\"itemListElement\":[{\"@type\":\"ListItem\",\"position\":1,\"name\":\"Inicio\",\"item\":\"https:\/\/chilpancingo.gob.mx\/portal\/\"},{\"@type\":\"ListItem\",\"position\":2,\"name\":\"Festejamos el XLIV Aniversario de la colonia Villa Cooperativa. \ud83c\udfd7\ufe0f\"}]},{\"@type\":\"WebSite\",\"@id\":\"https:\/\/chilpancingo.gob.mx\/portal\/#website\",\"url\":\"https:\/\/chilpancingo.gob.mx\/portal\/\",\"name\":\"H. Ayuntamiento de Chilpancingo de los Bravo\",\"description\":\"Chilpancingo de los Bravo  2024 - 2027\",\"publisher\":{\"@id\":\"https:\/\/chilpancingo.gob.mx\/portal\/#organization\"},\"potentialAction\":[{\"@type\":\"SearchAction\",\"target\":{\"@type\":\"EntryPoint\",\"urlTemplate\":\"https:\/\/chilpancingo.gob.mx\/portal\/?s={search_term_string}\"},\"query-input\":{\"@type\":\"PropertyValueSpecification\",\"valueRequired\":true,\"valueName\":\"search_term_string\"}}],\"inLanguage\":\"es\"},{\"@type\":\"Organization\",\"@id\":\"https:\/\/chilpancingo.gob.mx\/portal\/#organization\",\"name\":\"Municipio de Chilpancingo de los Bravo\",\"url\":\"https:\/\/chilpancingo.gob.mx\/portal\/\",\"logo\":{\"@type\":\"ImageObject\",\"inLanguage\":\"es\",\"@id\":\"https:\/\/chilpancingo.gob.mx\/portal\/#\/schema\/logo\/image\/\",\"url\":\"https:\/\/chilpancingo.gob.mx\/portal\/wp-content\/uploads\/2021\/09\/Logo-Oficial-Capital-de-cultura-y-progreso.png\",\"contentUrl\":\"https:\/\/chilpancingo.gob.mx\/portal\/wp-content\/uploads\/2021\/09\/Logo-Oficial-Capital-de-cultura-y-progreso.png\",\"width\":1200,\"height\":623,\"caption\":\"Municipio de Chilpancingo de los Bravo\"},\"image\":{\"@id\":\"https:\/\/chilpancingo.gob.mx\/portal\/#\/schema\/logo\/image\/\"},\"sameAs\":[\"https:\/\/www.facebook.com\/AyuntamientodeChilpancingo\",\"https:\/\/x.com\/otilia_norma\"]},{\"@type\":\"Person\",\"@id\":\"https:\/\/chilpancingo.gob.mx\/portal\/#\/schema\/person\/16194606437a58bb73c4148d5c3f4643\",\"name\":\"Victor Diaz Avila\",\"image\":{\"@type\":\"ImageObject\",\"inLanguage\":\"es\",\"@id\":\"https:\/\/chilpancingo.gob.mx\/portal\/#\/schema\/person\/image\/\",\"url\":\"https:\/\/secure.gravatar.com\/avatar\/617e8c67af79ce0edccb18e9acb4f883bdebc37ceae275f194cab3f5f87d831a?s=96&d=mm&r=g\",\"contentUrl\":\"https:\/\/secure.gravatar.com\/avatar\/617e8c67af79ce0edccb18e9acb4f883bdebc37ceae275f194cab3f5f87d831a?s=96&d=mm&r=g\",\"caption\":\"Victor Diaz Avila\"}}]}<\/script>\n<!-- \/ Yoast SEO plugin. -->","yoast_head_json":{"title":"Festejamos el XLIV Aniversario de la colonia Villa Cooperativa. \ud83c\udfd7\ufe0f","robots":{"index":"index","follow":"follow","max-snippet":"max-snippet:-1","max-image-preview":"max-image-preview:large","max-video-preview":"max-video-preview:-1"},"canonical":"https:\/\/chilpancingo.gob.mx\/portal\/festejamos-el-xliv-aniversario-de-la-colonia-villa-cooperativa-\ud83c\udfd7\ufe0f\/","og_locale":"es_MX","og_type":"article","og_title":"Festejamos el XLIV Aniversario de la colonia Villa Cooperativa. \ud83c\udfd7\ufe0f","og_description":"El Dr. Gustavo Alarc\u00f3n Herrera impuls\u00f3 la convivencia con actividades deportivas, carreras infantiles que fomentan la salud y la sana competencia.Acciones enfocadas en el desarrollo de nuestras ni\u00f1as y ni\u00f1os [&hellip;]","og_url":"https:\/\/chilpancingo.gob.mx\/portal\/festejamos-el-xliv-aniversario-de-la-colonia-villa-cooperativa-\ud83c\udfd7\ufe0f\/","og_site_name":"H. Ayuntamiento de Chilpancingo de los Bravo","article_publisher":"https:\/\/www.facebook.com\/AyuntamientodeChilpancingo","article_published_time":"2026-04-25T19:01:17+00:00","article_modified_time":"2026-04-30T19:11:54+00:00","og_image":[{"width":1599,"height":1066,"url":"https:\/\/chilpancingo.gob.mx\/portal\/wp-content\/uploads\/2026\/04\/680633062_122199288494551875_1070381129464935021_n.jpg","type":"image\/jpeg"}],"author":"Victor Diaz Avila","twitter_card":"summary_large_image","twitter_creator":"@otilia_norma","twitter_site":"@otilia_norma","schema":{"@context":"https:\/\/schema.org","@graph":[{"@type":"Article","@id":"https:\/\/chilpancingo.gob.mx\/portal\/festejamos-el-xliv-aniversario-de-la-colonia-villa-cooperativa-%f0%9f%8f%97%ef%b8%8f\/#article","isPartOf":{"@id":"https:\/\/chilpancingo.gob.mx\/portal\/festejamos-el-xliv-aniversario-de-la-colonia-villa-cooperativa-%f0%9f%8f%97%ef%b8%8f\/"},"author":{"name":"Victor Diaz Avila","@id":"https:\/\/chilpancingo.gob.mx\/portal\/#\/schema\/person\/16194606437a58bb73c4148d5c3f4643"},"headline":"Festejamos el XLIV Aniversario de la colonia Villa Cooperativa. \ud83c\udfd7\ufe0f","datePublished":"2026-04-25T19:01:17+00:00","dateModified":"2026-04-30T19:11:54+00:00","mainEntityOfPage":{"@id":"https:\/\/chilpancingo.gob.mx\/portal\/festejamos-el-xliv-aniversario-de-la-colonia-villa-cooperativa-%f0%9f%8f%97%ef%b8%8f\/"},"wordCount":94,"publisher":{"@id":"https:\/\/chilpancingo.gob.mx\/portal\/#organization"},"image":{"@id":"https:\/\/chilpancingo.gob.mx\/portal\/festejamos-el-xliv-aniversario-de-la-colonia-villa-cooperativa-%f0%9f%8f%97%ef%b8%8f\/#primaryimage"},"thumbnailUrl":"https:\/\/chilpancingo.gob.mx\/portal\/wp-content\/uploads\/2026\/04\/680633062_122199288494551875_1070381129464935021_n.jpg","articleSection":["Sala de prensa"],"inLanguage":"es"},{"@type":"WebPage","@id":"https:\/\/chilpancingo.gob.mx\/portal\/festejamos-el-xliv-aniversario-de-la-colonia-villa-cooperativa-%f0%9f%8f%97%ef%b8%8f\/","url":"https:\/\/chilpancingo.gob.mx\/portal\/festejamos-el-xliv-aniversario-de-la-colonia-villa-cooperativa-%f0%9f%8f%97%ef%b8%8f\/","name":"Festejamos el XLIV Aniversario de la colonia Villa Cooperativa. \ud83c\udfd7\ufe0f","isPartOf":{"@id":"https:\/\/chilpancingo.gob.mx\/portal\/#website"},"primaryImageOfPage":{"@id":"https:\/\/chilpancingo.gob.mx\/portal\/festejamos-el-xliv-aniversario-de-la-colonia-villa-cooperativa-%f0%9f%8f%97%ef%b8%8f\/#primaryimage"},"image":{"@id":"https:\/\/chilpancingo.gob.mx\/portal\/festejamos-el-xliv-aniversario-de-la-colonia-villa-cooperativa-%f0%9f%8f%97%ef%b8%8f\/#primaryimage"},"thumbnailUrl":"https:\/\/chilpancingo.gob.mx\/portal\/wp-content\/uploads\/2026\/04\/680633062_122199288494551875_1070381129464935021_n.jpg","datePublished":"2026-04-25T19:01:17+00:00","dateModified":"2026-04-30T19:11:54+00:00","breadcrumb":{"@id":"https:\/\/chilpancingo.gob.mx\/portal\/festejamos-el-xliv-aniversario-de-la-colonia-villa-cooperativa-%f0%9f%8f%97%ef%b8%8f\/#breadcrumb"},"inLanguage":"es","potentialAction":[{"@type":"ReadAction","target":["https:\/\/chilpancingo.gob.mx\/portal\/festejamos-el-xliv-aniversario-de-la-colonia-villa-cooperativa-%f0%9f%8f%97%ef%b8%8f\/"]}]},{"@type":"ImageObject","inLanguage":"es","@id":"https:\/\/chilpancingo.gob.mx\/portal\/festejamos-el-xliv-aniversario-de-la-colonia-villa-cooperativa-%f0%9f%8f%97%ef%b8%8f\/#primaryimage","url":"https:\/\/chilpancingo.gob.mx\/portal\/wp-content\/uploads\/2026\/04\/680633062_122199288494551875_1070381129464935021_n.jpg","contentUrl":"https:\/\/chilpancingo.gob.mx\/portal\/wp-content\/uploads\/2026\/04\/680633062_122199288494551875_1070381129464935021_n.jpg","width":1599,"height":1066},{"@type":"BreadcrumbList","@id":"https:\/\/chilpancingo.gob.mx\/portal\/festejamos-el-xliv-aniversario-de-la-colonia-villa-cooperativa-%f0%9f%8f%97%ef%b8%8f\/#breadcrumb","itemListElement":[{"@type":"ListItem","position":1,"name":"Inicio","item":"https:\/\/chilpancingo.gob.mx\/portal\/"},{"@type":"ListItem","position":2,"name":"Festejamos el XLIV Aniversario de la colonia Villa Cooperativa. \ud83c\udfd7\ufe0f"}]},{"@type":"WebSite","@id":"https:\/\/chilpancingo.gob.mx\/portal\/#website","url":"https:\/\/chilpancingo.gob.mx\/portal\/","name":"H. Ayuntamiento de Chilpancingo de los Bravo","description":"Chilpancingo de los Bravo  2024 - 2027","publisher":{"@id":"https:\/\/chilpancingo.gob.mx\/portal\/#organization"},"potentialAction":[{"@type":"SearchAction","target":{"@type":"EntryPoint","urlTemplate":"https:\/\/chilpancingo.gob.mx\/portal\/?s={search_term_string}"},"query-input":{"@type":"PropertyValueSpecification","valueRequired":true,"valueName":"search_term_string"}}],"inLanguage":"es"},{"@type":"Organization","@id":"https:\/\/chilpancingo.gob.mx\/portal\/#organization","name":"Municipio de Chilpancingo de los Bravo","url":"https:\/\/chilpancingo.gob.mx\/portal\/","logo":{"@type":"ImageObject","inLanguage":"es","@id":"https:\/\/chilpancingo.gob.mx\/portal\/#\/schema\/logo\/image\/","url":"https:\/\/chilpancingo.gob.mx\/portal\/wp-content\/uploads\/2021\/09\/Logo-Oficial-Capital-de-cultura-y-progreso.png","contentUrl":"https:\/\/chilpancingo.gob.mx\/portal\/wp-content\/uploads\/2021\/09\/Logo-Oficial-Capital-de-cultura-y-progreso.png","width":1200,"height":623,"caption":"Municipio de Chilpancingo de los Bravo"},"image":{"@id":"https:\/\/chilpancingo.gob.mx\/portal\/#\/schema\/logo\/image\/"},"sameAs":["https:\/\/www.facebook.com\/AyuntamientodeChilpancingo","https:\/\/x.com\/otilia_norma"]},{"@type":"Person","@id":"https:\/\/chilpancingo.gob.mx\/portal\/#\/schema\/person\/16194606437a58bb73c4148d5c3f4643","name":"Victor Diaz Avila","image":{"@type":"ImageObject","inLanguage":"es","@id":"https:\/\/chilpancingo.gob.mx\/portal\/#\/schema\/person\/image\/","url":"https:\/\/secure.gravatar.com\/avatar\/617e8c67af79ce0edccb18e9acb4f883bdebc37ceae275f194cab3f5f87d831a?s=96&d=mm&r=g","contentUrl":"https:\/\/secure.gravatar.com\/avatar\/617e8c67af79ce0edccb18e9acb4f883bdebc37ceae275f194cab3f5f87d831a?s=96&d=mm&r=g","caption":"Victor Diaz Avila"}}]}},"_links":{"self":[{"href":"https:\/\/chilpancingo.gob.mx\/portal\/wp-json\/wp\/v2\/posts\/21337","targetHints":{"allow":["GET"]}}],"collection":[{"href":"https:\/\/chilpancingo.gob.mx\/portal\/wp-json\/wp\/v2\/posts"}],"about":[{"href":"https:\/\/chilpancingo.gob.mx\/portal\/wp-json\/wp\/v2\/types\/post"}],"author":[{"embeddable":true,"href":"https:\/\/chilpancingo.gob.mx\/portal\/wp-json\/wp\/v2\/users\/5"}],"replies":[{"embeddable":true,"href":"https:\/\/chilpancingo.gob.mx\/portal\/wp-json\/wp\/v2\/comments?post=21337"}],"version-history":[{"count":1,"href":"https:\/\/chilpancingo.gob.mx\/portal\/wp-json\/wp\/v2\/posts\/21337\/revisions"}],"predecessor-version":[{"id":21371,"href":"https:\/\/chilpancingo.gob.mx\/portal\/wp-json\/wp\/v2\/posts\/21337\/revisions\/21371"}],"wp:featuredmedia":[{"embeddable":true,"href":"https:\/\/chilpancingo.gob.mx\/portal\/wp-json\/wp\/v2\/media\/21351"}],"wp:attachment":[{"href":"https:\/\/chilpancingo.gob.mx\/portal\/wp-json\/wp\/v2\/media?parent=21337"}],"wp:term":[{"taxonomy":"category","embeddable":true,"href":"https:\/\/chilpancingo.gob.mx\/portal\/wp-json\/wp\/v2\/categories?post=21337"},{"taxonomy":"post_tag","embeddable":true,"href":"https:\/\/chilpancingo.gob.mx\/portal\/wp-json\/wp\/v2\/tags?post=21337"}],"curies":[{"name":"wp","href":"https:\/\/api.w.org\/{rel}","templated":true}]}}