{"id":21424,"date":"2026-04-26T13:22:56","date_gmt":"2026-04-26T19:22:56","guid":{"rendered":"https:\/\/chilpancingo.gob.mx\/portal\/?p=21424"},"modified":"2026-04-30T13:27:32","modified_gmt":"2026-04-30T19:27:32","slug":"tradiciones-que-se-viven-y-se-cuidan-en-chilpancingo-%f0%9f%8e%89en-chilpancingo-las-tradiciones-dan-identidad-a-nuestras-comunidades","status":"publish","type":"post","link":"https:\/\/chilpancingo.gob.mx\/portal\/tradiciones-que-se-viven-y-se-cuidan-en-chilpancingo-%f0%9f%8e%89en-chilpancingo-las-tradiciones-dan-identidad-a-nuestras-comunidades\/","title":{"rendered":"Tradiciones que se viven y se cuidan en Chilpancingo \ud83c\udf89En Chilpancingo, las tradiciones dan identidad a nuestras comunidades"},"content":{"rendered":"\n<p>El Gobierno Municipal encabezado por #GustavoAlarc\u00f3nHerrera acompa\u00f1\u00f3 el Paseo del Pend\u00f3n<br>Se respalda la cultura y las celebraciones que unen a la gente<br>Hoy las familias participan y mantienen vivas sus costumbres<br>Es presencia en territorio y respeto a nuestras ra\u00edces<\/p>\n\n\n\n<h1 class=\"wp-block-heading\">Chilpancingo preserva su identidad con orgullo \u2705<\/h1>\n\n\n\n<h1 class=\"wp-block-heading\">UnidosChilpancingoRenace<\/h1>\n\n\n\n<figure class=\"wp-block-gallery has-nested-images columns-default is-cropped wp-block-gallery-1 is-layout-flex wp-block-gallery-is-layout-flex\">\n<figure class=\"wp-block-image size-large\"><img fetchpriority=\"high\" decoding=\"async\" width=\"1024\" height=\"683\" data-id=\"21433\" src=\"https:\/\/chilpancingo.gob.mx\/portal\/wp-content\/uploads\/2026\/04\/681260279_122199439334551875_8317780235672830764_n-1024x683.jpg\" alt=\"\" class=\"wp-image-21433\" srcset=\"https:\/\/chilpancingo.gob.mx\/portal\/wp-content\/uploads\/2026\/04\/681260279_122199439334551875_8317780235672830764_n-1024x683.jpg 1024w, https:\/\/chilpancingo.gob.mx\/portal\/wp-content\/uploads\/2026\/04\/681260279_122199439334551875_8317780235672830764_n-300x200.jpg 300w, https:\/\/chilpancingo.gob.mx\/portal\/wp-content\/uploads\/2026\/04\/681260279_122199439334551875_8317780235672830764_n-768x512.jpg 768w, https:\/\/chilpancingo.gob.mx\/portal\/wp-content\/uploads\/2026\/04\/681260279_122199439334551875_8317780235672830764_n-1536x1025.jpg 1536w, https:\/\/chilpancingo.gob.mx\/portal\/wp-content\/uploads\/2026\/04\/681260279_122199439334551875_8317780235672830764_n.jpg 1200w\" sizes=\"(max-width: 1024px) 100vw, 1024px\" \/><\/figure>\n\n\n\n<figure class=\"wp-block-image size-large\"><img decoding=\"async\" width=\"1024\" height=\"683\" data-id=\"21442\" src=\"https:\/\/chilpancingo.gob.mx\/portal\/wp-content\/uploads\/2026\/04\/681294528_122199439292551875_8562099041314401227_n-1024x683.jpg\" alt=\"\" class=\"wp-image-21442\" srcset=\"https:\/\/chilpancingo.gob.mx\/portal\/wp-content\/uploads\/2026\/04\/681294528_122199439292551875_8562099041314401227_n-1024x683.jpg 1024w, https:\/\/chilpancingo.gob.mx\/portal\/wp-content\/uploads\/2026\/04\/681294528_122199439292551875_8562099041314401227_n-300x200.jpg 300w, https:\/\/chilpancingo.gob.mx\/portal\/wp-content\/uploads\/2026\/04\/681294528_122199439292551875_8562099041314401227_n-768x512.jpg 768w, https:\/\/chilpancingo.gob.mx\/portal\/wp-content\/uploads\/2026\/04\/681294528_122199439292551875_8562099041314401227_n-1536x1025.jpg 1536w, https:\/\/chilpancingo.gob.mx\/portal\/wp-content\/uploads\/2026\/04\/681294528_122199439292551875_8562099041314401227_n.jpg 1200w\" sizes=\"(max-width: 1024px) 100vw, 1024px\" \/><\/figure>\n\n\n\n<figure class=\"wp-block-image size-large\"><img decoding=\"async\" width=\"683\" height=\"1024\" data-id=\"21436\" src=\"https:\/\/chilpancingo.gob.mx\/portal\/wp-content\/uploads\/2026\/04\/680976201_122199439238551875_5348006488614358487_n-683x1024.jpg\" alt=\"\" class=\"wp-image-21436\" srcset=\"https:\/\/chilpancingo.gob.mx\/portal\/wp-content\/uploads\/2026\/04\/680976201_122199439238551875_5348006488614358487_n-683x1024.jpg 683w, https:\/\/chilpancingo.gob.mx\/portal\/wp-content\/uploads\/2026\/04\/680976201_122199439238551875_5348006488614358487_n-200x300.jpg 200w, https:\/\/chilpancingo.gob.mx\/portal\/wp-content\/uploads\/2026\/04\/680976201_122199439238551875_5348006488614358487_n-768x1151.jpg 768w, https:\/\/chilpancingo.gob.mx\/portal\/wp-content\/uploads\/2026\/04\/680976201_122199439238551875_5348006488614358487_n-1025x1536.jpg 1025w, https:\/\/chilpancingo.gob.mx\/portal\/wp-content\/uploads\/2026\/04\/680976201_122199439238551875_5348006488614358487_n.jpg 1366w\" sizes=\"(max-width: 683px) 100vw, 683px\" \/><\/figure>\n\n\n\n<figure class=\"wp-block-image size-large\"><img loading=\"lazy\" decoding=\"async\" width=\"683\" height=\"1024\" data-id=\"21431\" src=\"https:\/\/chilpancingo.gob.mx\/portal\/wp-content\/uploads\/2026\/04\/681253981_122199439196551875_2876716550556747106_n-683x1024.jpg\" alt=\"\" class=\"wp-image-21431\" srcset=\"https:\/\/chilpancingo.gob.mx\/portal\/wp-content\/uploads\/2026\/04\/681253981_122199439196551875_2876716550556747106_n-683x1024.jpg 683w, https:\/\/chilpancingo.gob.mx\/portal\/wp-content\/uploads\/2026\/04\/681253981_122199439196551875_2876716550556747106_n-200x300.jpg 200w, https:\/\/chilpancingo.gob.mx\/portal\/wp-content\/uploads\/2026\/04\/681253981_122199439196551875_2876716550556747106_n-768x1152.jpg 768w, https:\/\/chilpancingo.gob.mx\/portal\/wp-content\/uploads\/2026\/04\/681253981_122199439196551875_2876716550556747106_n.jpg 800w\" sizes=\"(max-width: 683px) 100vw, 683px\" \/><\/figure>\n\n\n\n<figure class=\"wp-block-image size-large\"><img loading=\"lazy\" decoding=\"async\" width=\"682\" height=\"1024\" data-id=\"21430\" src=\"https:\/\/chilpancingo.gob.mx\/portal\/wp-content\/uploads\/2026\/04\/680744654_122199439148551875_8770412824236802176_n-682x1024.jpg\" alt=\"\" class=\"wp-image-21430\" srcset=\"https:\/\/chilpancingo.gob.mx\/portal\/wp-content\/uploads\/2026\/04\/680744654_122199439148551875_8770412824236802176_n-682x1024.jpg 682w, https:\/\/chilpancingo.gob.mx\/portal\/wp-content\/uploads\/2026\/04\/680744654_122199439148551875_8770412824236802176_n-200x300.jpg 200w, https:\/\/chilpancingo.gob.mx\/portal\/wp-content\/uploads\/2026\/04\/680744654_122199439148551875_8770412824236802176_n-768x1152.jpg 768w, https:\/\/chilpancingo.gob.mx\/portal\/wp-content\/uploads\/2026\/04\/680744654_122199439148551875_8770412824236802176_n.jpg 853w\" sizes=\"(max-width: 682px) 100vw, 682px\" \/><\/figure>\n\n\n\n<figure class=\"wp-block-image size-large\"><img loading=\"lazy\" decoding=\"async\" width=\"1024\" height=\"683\" data-id=\"21435\" src=\"https:\/\/chilpancingo.gob.mx\/portal\/wp-content\/uploads\/2026\/04\/681192742_122199439106551875_6277333214963543595_n-1024x683.jpg\" alt=\"\" class=\"wp-image-21435\" srcset=\"https:\/\/chilpancingo.gob.mx\/portal\/wp-content\/uploads\/2026\/04\/681192742_122199439106551875_6277333214963543595_n-1024x683.jpg 1024w, https:\/\/chilpancingo.gob.mx\/portal\/wp-content\/uploads\/2026\/04\/681192742_122199439106551875_6277333214963543595_n-300x200.jpg 300w, https:\/\/chilpancingo.gob.mx\/portal\/wp-content\/uploads\/2026\/04\/681192742_122199439106551875_6277333214963543595_n-768x512.jpg 768w, https:\/\/chilpancingo.gob.mx\/portal\/wp-content\/uploads\/2026\/04\/681192742_122199439106551875_6277333214963543595_n-1536x1024.jpg 1536w, https:\/\/chilpancingo.gob.mx\/portal\/wp-content\/uploads\/2026\/04\/681192742_122199439106551875_6277333214963543595_n.jpg 1200w\" sizes=\"(max-width: 1024px) 100vw, 1024px\" \/><\/figure>\n\n\n\n<figure class=\"wp-block-image size-large\"><img loading=\"lazy\" decoding=\"async\" width=\"1024\" height=\"682\" data-id=\"21429\" src=\"https:\/\/chilpancingo.gob.mx\/portal\/wp-content\/uploads\/2026\/04\/680980962_122199439064551875_533427585028343489_n-1024x682.jpg\" alt=\"\" class=\"wp-image-21429\" srcset=\"https:\/\/chilpancingo.gob.mx\/portal\/wp-content\/uploads\/2026\/04\/680980962_122199439064551875_533427585028343489_n-1024x682.jpg 1024w, https:\/\/chilpancingo.gob.mx\/portal\/wp-content\/uploads\/2026\/04\/680980962_122199439064551875_533427585028343489_n-300x200.jpg 300w, https:\/\/chilpancingo.gob.mx\/portal\/wp-content\/uploads\/2026\/04\/680980962_122199439064551875_533427585028343489_n-768x512.jpg 768w, https:\/\/chilpancingo.gob.mx\/portal\/wp-content\/uploads\/2026\/04\/680980962_122199439064551875_533427585028343489_n.jpg 1280w\" sizes=\"(max-width: 1024px) 100vw, 1024px\" \/><\/figure>\n\n\n\n<figure class=\"wp-block-image size-large\"><img loading=\"lazy\" decoding=\"async\" width=\"682\" height=\"1024\" data-id=\"21432\" src=\"https:\/\/chilpancingo.gob.mx\/portal\/wp-content\/uploads\/2026\/04\/680929370_122199439016551875_932486173530167361_n-682x1024.jpg\" alt=\"\" class=\"wp-image-21432\" srcset=\"https:\/\/chilpancingo.gob.mx\/portal\/wp-content\/uploads\/2026\/04\/680929370_122199439016551875_932486173530167361_n-682x1024.jpg 682w, https:\/\/chilpancingo.gob.mx\/portal\/wp-content\/uploads\/2026\/04\/680929370_122199439016551875_932486173530167361_n-200x300.jpg 200w, https:\/\/chilpancingo.gob.mx\/portal\/wp-content\/uploads\/2026\/04\/680929370_122199439016551875_932486173530167361_n-768x1152.jpg 768w, https:\/\/chilpancingo.gob.mx\/portal\/wp-content\/uploads\/2026\/04\/680929370_122199439016551875_932486173530167361_n.jpg 853w\" sizes=\"(max-width: 682px) 100vw, 682px\" \/><\/figure>\n\n\n\n<figure class=\"wp-block-image size-large\"><img loading=\"lazy\" decoding=\"async\" width=\"683\" height=\"1024\" data-id=\"21451\" src=\"https:\/\/chilpancingo.gob.mx\/portal\/wp-content\/uploads\/2026\/04\/680716268_122199438974551875_4662411497914938655_n-683x1024.jpg\" alt=\"\" class=\"wp-image-21451\" srcset=\"https:\/\/chilpancingo.gob.mx\/portal\/wp-content\/uploads\/2026\/04\/680716268_122199438974551875_4662411497914938655_n-683x1024.jpg 683w, https:\/\/chilpancingo.gob.mx\/portal\/wp-content\/uploads\/2026\/04\/680716268_122199438974551875_4662411497914938655_n-200x300.jpg 200w, https:\/\/chilpancingo.gob.mx\/portal\/wp-content\/uploads\/2026\/04\/680716268_122199438974551875_4662411497914938655_n-768x1151.jpg 768w, https:\/\/chilpancingo.gob.mx\/portal\/wp-content\/uploads\/2026\/04\/680716268_122199438974551875_4662411497914938655_n-1025x1536.jpg 1025w, https:\/\/chilpancingo.gob.mx\/portal\/wp-content\/uploads\/2026\/04\/680716268_122199438974551875_4662411497914938655_n.jpg 1366w\" sizes=\"(max-width: 683px) 100vw, 683px\" \/><\/figure>\n\n\n\n<figure class=\"wp-block-image size-large\"><img loading=\"lazy\" decoding=\"async\" width=\"683\" height=\"1024\" data-id=\"21441\" src=\"https:\/\/chilpancingo.gob.mx\/portal\/wp-content\/uploads\/2026\/04\/681067568_122199438932551875_4328874722383857885_n-683x1024.jpg\" alt=\"\" class=\"wp-image-21441\" srcset=\"https:\/\/chilpancingo.gob.mx\/portal\/wp-content\/uploads\/2026\/04\/681067568_122199438932551875_4328874722383857885_n-683x1024.jpg 683w, https:\/\/chilpancingo.gob.mx\/portal\/wp-content\/uploads\/2026\/04\/681067568_122199438932551875_4328874722383857885_n-200x300.jpg 200w, https:\/\/chilpancingo.gob.mx\/portal\/wp-content\/uploads\/2026\/04\/681067568_122199438932551875_4328874722383857885_n-768x1151.jpg 768w, https:\/\/chilpancingo.gob.mx\/portal\/wp-content\/uploads\/2026\/04\/681067568_122199438932551875_4328874722383857885_n-1025x1536.jpg 1025w, https:\/\/chilpancingo.gob.mx\/portal\/wp-content\/uploads\/2026\/04\/681067568_122199438932551875_4328874722383857885_n.jpg 1366w\" sizes=\"(max-width: 683px) 100vw, 683px\" \/><\/figure>\n\n\n\n<figure class=\"wp-block-image size-large\"><img loading=\"lazy\" decoding=\"async\" width=\"1024\" height=\"683\" data-id=\"21450\" src=\"https:\/\/chilpancingo.gob.mx\/portal\/wp-content\/uploads\/2026\/04\/683613646_122199438890551875_7896738219109472938_n-1024x683.jpg\" alt=\"\" class=\"wp-image-21450\" srcset=\"https:\/\/chilpancingo.gob.mx\/portal\/wp-content\/uploads\/2026\/04\/683613646_122199438890551875_7896738219109472938_n-1024x683.jpg 1024w, https:\/\/chilpancingo.gob.mx\/portal\/wp-content\/uploads\/2026\/04\/683613646_122199438890551875_7896738219109472938_n-300x200.jpg 300w, https:\/\/chilpancingo.gob.mx\/portal\/wp-content\/uploads\/2026\/04\/683613646_122199438890551875_7896738219109472938_n-768x512.jpg 768w, https:\/\/chilpancingo.gob.mx\/portal\/wp-content\/uploads\/2026\/04\/683613646_122199438890551875_7896738219109472938_n-1536x1025.jpg 1536w, https:\/\/chilpancingo.gob.mx\/portal\/wp-content\/uploads\/2026\/04\/683613646_122199438890551875_7896738219109472938_n.jpg 2048w\" sizes=\"(max-width: 1024px) 100vw, 1024px\" \/><\/figure>\n\n\n\n<figure class=\"wp-block-image size-large\"><img loading=\"lazy\" decoding=\"async\" width=\"683\" height=\"1024\" data-id=\"21439\" src=\"https:\/\/chilpancingo.gob.mx\/portal\/wp-content\/uploads\/2026\/04\/680220770_122199438842551875_3916907150138081390_n-683x1024.jpg\" alt=\"\" class=\"wp-image-21439\" srcset=\"https:\/\/chilpancingo.gob.mx\/portal\/wp-content\/uploads\/2026\/04\/680220770_122199438842551875_3916907150138081390_n-683x1024.jpg 683w, https:\/\/chilpancingo.gob.mx\/portal\/wp-content\/uploads\/2026\/04\/680220770_122199438842551875_3916907150138081390_n-200x300.jpg 200w, https:\/\/chilpancingo.gob.mx\/portal\/wp-content\/uploads\/2026\/04\/680220770_122199438842551875_3916907150138081390_n-768x1151.jpg 768w, https:\/\/chilpancingo.gob.mx\/portal\/wp-content\/uploads\/2026\/04\/680220770_122199438842551875_3916907150138081390_n-1025x1536.jpg 1025w, https:\/\/chilpancingo.gob.mx\/portal\/wp-content\/uploads\/2026\/04\/680220770_122199438842551875_3916907150138081390_n.jpg 1366w\" sizes=\"(max-width: 683px) 100vw, 683px\" \/><\/figure>\n\n\n\n<figure class=\"wp-block-image size-large\"><img loading=\"lazy\" decoding=\"async\" width=\"1024\" height=\"683\" data-id=\"21434\" src=\"https:\/\/chilpancingo.gob.mx\/portal\/wp-content\/uploads\/2026\/04\/681244752_122199438800551875_8970261866242299310_n-1024x683.jpg\" alt=\"\" class=\"wp-image-21434\" srcset=\"https:\/\/chilpancingo.gob.mx\/portal\/wp-content\/uploads\/2026\/04\/681244752_122199438800551875_8970261866242299310_n-1024x683.jpg 1024w, https:\/\/chilpancingo.gob.mx\/portal\/wp-content\/uploads\/2026\/04\/681244752_122199438800551875_8970261866242299310_n-300x200.jpg 300w, https:\/\/chilpancingo.gob.mx\/portal\/wp-content\/uploads\/2026\/04\/681244752_122199438800551875_8970261866242299310_n-768x512.jpg 768w, https:\/\/chilpancingo.gob.mx\/portal\/wp-content\/uploads\/2026\/04\/681244752_122199438800551875_8970261866242299310_n-1536x1025.jpg 1536w, https:\/\/chilpancingo.gob.mx\/portal\/wp-content\/uploads\/2026\/04\/681244752_122199438800551875_8970261866242299310_n.jpg 2048w\" sizes=\"(max-width: 1024px) 100vw, 1024px\" \/><\/figure>\n\n\n\n<figure class=\"wp-block-image size-large\"><img loading=\"lazy\" decoding=\"async\" width=\"1024\" height=\"683\" data-id=\"21443\" src=\"https:\/\/chilpancingo.gob.mx\/portal\/wp-content\/uploads\/2026\/04\/680834647_122199438758551875_7790617952916338896_n-1024x683.jpg\" alt=\"\" class=\"wp-image-21443\" srcset=\"https:\/\/chilpancingo.gob.mx\/portal\/wp-content\/uploads\/2026\/04\/680834647_122199438758551875_7790617952916338896_n-1024x683.jpg 1024w, https:\/\/chilpancingo.gob.mx\/portal\/wp-content\/uploads\/2026\/04\/680834647_122199438758551875_7790617952916338896_n-300x200.jpg 300w, https:\/\/chilpancingo.gob.mx\/portal\/wp-content\/uploads\/2026\/04\/680834647_122199438758551875_7790617952916338896_n-768x512.jpg 768w, https:\/\/chilpancingo.gob.mx\/portal\/wp-content\/uploads\/2026\/04\/680834647_122199438758551875_7790617952916338896_n-1536x1025.jpg 1536w, https:\/\/chilpancingo.gob.mx\/portal\/wp-content\/uploads\/2026\/04\/680834647_122199438758551875_7790617952916338896_n.jpg 2048w\" sizes=\"(max-width: 1024px) 100vw, 1024px\" \/><\/figure>\n\n\n\n<figure class=\"wp-block-image size-large\"><img loading=\"lazy\" decoding=\"async\" width=\"1024\" height=\"683\" data-id=\"21447\" src=\"https:\/\/chilpancingo.gob.mx\/portal\/wp-content\/uploads\/2026\/04\/681604802_122199438704551875_1754093490442366736_n-1024x683.jpg\" alt=\"\" class=\"wp-image-21447\" srcset=\"https:\/\/chilpancingo.gob.mx\/portal\/wp-content\/uploads\/2026\/04\/681604802_122199438704551875_1754093490442366736_n-1024x683.jpg 1024w, https:\/\/chilpancingo.gob.mx\/portal\/wp-content\/uploads\/2026\/04\/681604802_122199438704551875_1754093490442366736_n-300x200.jpg 300w, https:\/\/chilpancingo.gob.mx\/portal\/wp-content\/uploads\/2026\/04\/681604802_122199438704551875_1754093490442366736_n-768x512.jpg 768w, https:\/\/chilpancingo.gob.mx\/portal\/wp-content\/uploads\/2026\/04\/681604802_122199438704551875_1754093490442366736_n-1536x1024.jpg 1536w, https:\/\/chilpancingo.gob.mx\/portal\/wp-content\/uploads\/2026\/04\/681604802_122199438704551875_1754093490442366736_n.jpg 2048w\" sizes=\"(max-width: 1024px) 100vw, 1024px\" \/><\/figure>\n\n\n\n<figure class=\"wp-block-image size-large\"><img loading=\"lazy\" decoding=\"async\" width=\"683\" height=\"1024\" data-id=\"21440\" src=\"https:\/\/chilpancingo.gob.mx\/portal\/wp-content\/uploads\/2026\/04\/681034292_122199438662551875_4622322282276476481_n-683x1024.jpg\" alt=\"\" class=\"wp-image-21440\" srcset=\"https:\/\/chilpancingo.gob.mx\/portal\/wp-content\/uploads\/2026\/04\/681034292_122199438662551875_4622322282276476481_n-683x1024.jpg 683w, https:\/\/chilpancingo.gob.mx\/portal\/wp-content\/uploads\/2026\/04\/681034292_122199438662551875_4622322282276476481_n-200x300.jpg 200w, https:\/\/chilpancingo.gob.mx\/portal\/wp-content\/uploads\/2026\/04\/681034292_122199438662551875_4622322282276476481_n-768x1151.jpg 768w, https:\/\/chilpancingo.gob.mx\/portal\/wp-content\/uploads\/2026\/04\/681034292_122199438662551875_4622322282276476481_n-1025x1536.jpg 1025w, https:\/\/chilpancingo.gob.mx\/portal\/wp-content\/uploads\/2026\/04\/681034292_122199438662551875_4622322282276476481_n.jpg 800w\" sizes=\"(max-width: 683px) 100vw, 683px\" \/><\/figure>\n\n\n\n<figure class=\"wp-block-image size-large\"><img loading=\"lazy\" decoding=\"async\" width=\"683\" height=\"1024\" data-id=\"21438\" src=\"https:\/\/chilpancingo.gob.mx\/portal\/wp-content\/uploads\/2026\/04\/680794788_122199438620551875_1661733783468803821_n-683x1024.jpg\" alt=\"\" class=\"wp-image-21438\" srcset=\"https:\/\/chilpancingo.gob.mx\/portal\/wp-content\/uploads\/2026\/04\/680794788_122199438620551875_1661733783468803821_n-683x1024.jpg 683w, https:\/\/chilpancingo.gob.mx\/portal\/wp-content\/uploads\/2026\/04\/680794788_122199438620551875_1661733783468803821_n-200x300.jpg 200w, https:\/\/chilpancingo.gob.mx\/portal\/wp-content\/uploads\/2026\/04\/680794788_122199438620551875_1661733783468803821_n-768x1151.jpg 768w, https:\/\/chilpancingo.gob.mx\/portal\/wp-content\/uploads\/2026\/04\/680794788_122199438620551875_1661733783468803821_n-1025x1536.jpg 1025w, https:\/\/chilpancingo.gob.mx\/portal\/wp-content\/uploads\/2026\/04\/680794788_122199438620551875_1661733783468803821_n.jpg 800w\" sizes=\"(max-width: 683px) 100vw, 683px\" \/><\/figure>\n\n\n\n<figure class=\"wp-block-image size-large\"><img loading=\"lazy\" decoding=\"async\" width=\"682\" height=\"1024\" data-id=\"21437\" src=\"https:\/\/chilpancingo.gob.mx\/portal\/wp-content\/uploads\/2026\/04\/681031987_122199438560551875_5057165567620954431_n-682x1024.jpg\" alt=\"\" class=\"wp-image-21437\" srcset=\"https:\/\/chilpancingo.gob.mx\/portal\/wp-content\/uploads\/2026\/04\/681031987_122199438560551875_5057165567620954431_n-682x1024.jpg 682w, https:\/\/chilpancingo.gob.mx\/portal\/wp-content\/uploads\/2026\/04\/681031987_122199438560551875_5057165567620954431_n-200x300.jpg 200w, https:\/\/chilpancingo.gob.mx\/portal\/wp-content\/uploads\/2026\/04\/681031987_122199438560551875_5057165567620954431_n-768x1152.jpg 768w, https:\/\/chilpancingo.gob.mx\/portal\/wp-content\/uploads\/2026\/04\/681031987_122199438560551875_5057165567620954431_n.jpg 800w\" sizes=\"(max-width: 682px) 100vw, 682px\" \/><\/figure>\n\n\n\n<figure class=\"wp-block-image size-large\"><img loading=\"lazy\" decoding=\"async\" width=\"394\" height=\"590\" data-id=\"21446\" src=\"https:\/\/chilpancingo.gob.mx\/portal\/wp-content\/uploads\/2026\/04\/681351364_122199438524551875_6569514982863995361_n.jpg\" alt=\"\" class=\"wp-image-21446\" srcset=\"https:\/\/chilpancingo.gob.mx\/portal\/wp-content\/uploads\/2026\/04\/681351364_122199438524551875_6569514982863995361_n.jpg 394w, https:\/\/chilpancingo.gob.mx\/portal\/wp-content\/uploads\/2026\/04\/681351364_122199438524551875_6569514982863995361_n-200x300.jpg 200w\" sizes=\"(max-width: 394px) 100vw, 394px\" \/><\/figure>\n\n\n\n<figure class=\"wp-block-image size-large\"><img loading=\"lazy\" decoding=\"async\" width=\"590\" height=\"394\" data-id=\"21444\" src=\"https:\/\/chilpancingo.gob.mx\/portal\/wp-content\/uploads\/2026\/04\/681195995_122199438422551875_5337078772673489709_n.jpg\" alt=\"\" class=\"wp-image-21444\" srcset=\"https:\/\/chilpancingo.gob.mx\/portal\/wp-content\/uploads\/2026\/04\/681195995_122199438422551875_5337078772673489709_n.jpg 590w, https:\/\/chilpancingo.gob.mx\/portal\/wp-content\/uploads\/2026\/04\/681195995_122199438422551875_5337078772673489709_n-300x200.jpg 300w\" sizes=\"(max-width: 590px) 100vw, 590px\" \/><\/figure>\n\n\n\n<figure class=\"wp-block-image size-large\"><img loading=\"lazy\" decoding=\"async\" width=\"590\" height=\"394\" data-id=\"21448\" src=\"https:\/\/chilpancingo.gob.mx\/portal\/wp-content\/uploads\/2026\/04\/682014773_122199438482551875_4912943846196368660_n.jpg\" alt=\"\" class=\"wp-image-21448\" srcset=\"https:\/\/chilpancingo.gob.mx\/portal\/wp-content\/uploads\/2026\/04\/682014773_122199438482551875_4912943846196368660_n.jpg 590w, https:\/\/chilpancingo.gob.mx\/portal\/wp-content\/uploads\/2026\/04\/682014773_122199438482551875_4912943846196368660_n-300x200.jpg 300w\" sizes=\"(max-width: 590px) 100vw, 590px\" \/><\/figure>\n\n\n\n<figure class=\"wp-block-image size-large\"><img loading=\"lazy\" decoding=\"async\" width=\"590\" height=\"394\" data-id=\"21445\" src=\"https:\/\/chilpancingo.gob.mx\/portal\/wp-content\/uploads\/2026\/04\/680231354_122199438374551875_4619858163814567390_n.jpg\" alt=\"\" class=\"wp-image-21445\" srcset=\"https:\/\/chilpancingo.gob.mx\/portal\/wp-content\/uploads\/2026\/04\/680231354_122199438374551875_4619858163814567390_n.jpg 590w, https:\/\/chilpancingo.gob.mx\/portal\/wp-content\/uploads\/2026\/04\/680231354_122199438374551875_4619858163814567390_n-300x200.jpg 300w\" sizes=\"(max-width: 590px) 100vw, 590px\" \/><\/figure>\n<\/figure>\n","protected":false},"excerpt":{"rendered":"<p>El Gobierno Municipal encabezado por #GustavoAlarc\u00f3nHerrera acompa\u00f1\u00f3 el Paseo del Pend\u00f3nSe respalda la cultura y las celebraciones que unen a la genteHoy las familias participan y mantienen vivas sus costumbresEs [&hellip;]<\/p>\n","protected":false},"author":5,"featured_media":21444,"comment_status":"closed","ping_status":"closed","sticky":false,"template":"","format":"standard","meta":{"pgc_sgb_lightbox_settings":"","footnotes":""},"categories":[1],"tags":[],"class_list":["post-21424","post","type-post","status-publish","format-standard","has-post-thumbnail","hentry","category-sala-de-prensa"],"yoast_head":"<!-- This site is optimized with the Yoast SEO plugin v23.8 - https:\/\/yoast.com\/wordpress\/plugins\/seo\/ -->\n<title>Tradiciones que se viven y se cuidan en Chilpancingo \ud83c\udf89En Chilpancingo, las tradiciones dan identidad a nuestras comunidades<\/title>\n<meta name=\"robots\" content=\"index, follow, max-snippet:-1, max-image-preview:large, max-video-preview:-1\" \/>\n<link rel=\"canonical\" href=\"https:\/\/chilpancingo.gob.mx\/portal\/tradiciones-que-se-viven-y-se-cuidan-en-chilpancingo-\ud83c\udf89en-chilpancingo-las-tradiciones-dan-identidad-a-nuestras-comunidades\/\" \/>\n<meta property=\"og:locale\" content=\"es_MX\" \/>\n<meta property=\"og:type\" content=\"article\" \/>\n<meta property=\"og:title\" content=\"Tradiciones que se viven y se cuidan en Chilpancingo \ud83c\udf89En Chilpancingo, las tradiciones dan identidad a nuestras comunidades\" \/>\n<meta property=\"og:description\" content=\"El Gobierno Municipal encabezado por #GustavoAlarc\u00f3nHerrera acompa\u00f1\u00f3 el Paseo del Pend\u00f3nSe respalda la cultura y las celebraciones que unen a la genteHoy las familias participan y mantienen vivas sus costumbresEs [&hellip;]\" \/>\n<meta property=\"og:url\" content=\"https:\/\/chilpancingo.gob.mx\/portal\/tradiciones-que-se-viven-y-se-cuidan-en-chilpancingo-\ud83c\udf89en-chilpancingo-las-tradiciones-dan-identidad-a-nuestras-comunidades\/\" \/>\n<meta property=\"og:site_name\" content=\"H. Ayuntamiento de Chilpancingo de los Bravo\" \/>\n<meta property=\"article:publisher\" content=\"https:\/\/www.facebook.com\/AyuntamientodeChilpancingo\" \/>\n<meta property=\"article:published_time\" content=\"2026-04-26T19:22:56+00:00\" \/>\n<meta property=\"article:modified_time\" content=\"2026-04-30T19:27:32+00:00\" \/>\n<meta property=\"og:image\" content=\"https:\/\/chilpancingo.gob.mx\/portal\/wp-content\/uploads\/2026\/04\/681195995_122199438422551875_5337078772673489709_n.jpg\" \/>\n\t<meta property=\"og:image:width\" content=\"590\" \/>\n\t<meta property=\"og:image:height\" content=\"394\" \/>\n\t<meta property=\"og:image:type\" content=\"image\/jpeg\" \/>\n<meta name=\"author\" content=\"Victor Diaz Avila\" \/>\n<meta name=\"twitter:card\" content=\"summary_large_image\" \/>\n<meta name=\"twitter:creator\" content=\"@otilia_norma\" \/>\n<meta name=\"twitter:site\" content=\"@otilia_norma\" \/>\n<script type=\"application\/ld+json\" class=\"yoast-schema-graph\">{\"@context\":\"https:\/\/schema.org\",\"@graph\":[{\"@type\":\"Article\",\"@id\":\"https:\/\/chilpancingo.gob.mx\/portal\/tradiciones-que-se-viven-y-se-cuidan-en-chilpancingo-%f0%9f%8e%89en-chilpancingo-las-tradiciones-dan-identidad-a-nuestras-comunidades\/#article\",\"isPartOf\":{\"@id\":\"https:\/\/chilpancingo.gob.mx\/portal\/tradiciones-que-se-viven-y-se-cuidan-en-chilpancingo-%f0%9f%8e%89en-chilpancingo-las-tradiciones-dan-identidad-a-nuestras-comunidades\/\"},\"author\":{\"name\":\"Victor Diaz Avila\",\"@id\":\"https:\/\/chilpancingo.gob.mx\/portal\/#\/schema\/person\/16194606437a58bb73c4148d5c3f4643\"},\"headline\":\"Tradiciones que se viven y se cuidan en Chilpancingo \ud83c\udf89En Chilpancingo, las tradiciones dan identidad a nuestras comunidades\",\"datePublished\":\"2026-04-26T19:22:56+00:00\",\"dateModified\":\"2026-04-30T19:27:32+00:00\",\"mainEntityOfPage\":{\"@id\":\"https:\/\/chilpancingo.gob.mx\/portal\/tradiciones-que-se-viven-y-se-cuidan-en-chilpancingo-%f0%9f%8e%89en-chilpancingo-las-tradiciones-dan-identidad-a-nuestras-comunidades\/\"},\"wordCount\":66,\"publisher\":{\"@id\":\"https:\/\/chilpancingo.gob.mx\/portal\/#organization\"},\"image\":{\"@id\":\"https:\/\/chilpancingo.gob.mx\/portal\/tradiciones-que-se-viven-y-se-cuidan-en-chilpancingo-%f0%9f%8e%89en-chilpancingo-las-tradiciones-dan-identidad-a-nuestras-comunidades\/#primaryimage\"},\"thumbnailUrl\":\"https:\/\/chilpancingo.gob.mx\/portal\/wp-content\/uploads\/2026\/04\/681195995_122199438422551875_5337078772673489709_n.jpg\",\"articleSection\":[\"Sala de prensa\"],\"inLanguage\":\"es\"},{\"@type\":\"WebPage\",\"@id\":\"https:\/\/chilpancingo.gob.mx\/portal\/tradiciones-que-se-viven-y-se-cuidan-en-chilpancingo-%f0%9f%8e%89en-chilpancingo-las-tradiciones-dan-identidad-a-nuestras-comunidades\/\",\"url\":\"https:\/\/chilpancingo.gob.mx\/portal\/tradiciones-que-se-viven-y-se-cuidan-en-chilpancingo-%f0%9f%8e%89en-chilpancingo-las-tradiciones-dan-identidad-a-nuestras-comunidades\/\",\"name\":\"Tradiciones que se viven y se cuidan en Chilpancingo \ud83c\udf89En Chilpancingo, las tradiciones dan identidad a nuestras comunidades\",\"isPartOf\":{\"@id\":\"https:\/\/chilpancingo.gob.mx\/portal\/#website\"},\"primaryImageOfPage\":{\"@id\":\"https:\/\/chilpancingo.gob.mx\/portal\/tradiciones-que-se-viven-y-se-cuidan-en-chilpancingo-%f0%9f%8e%89en-chilpancingo-las-tradiciones-dan-identidad-a-nuestras-comunidades\/#primaryimage\"},\"image\":{\"@id\":\"https:\/\/chilpancingo.gob.mx\/portal\/tradiciones-que-se-viven-y-se-cuidan-en-chilpancingo-%f0%9f%8e%89en-chilpancingo-las-tradiciones-dan-identidad-a-nuestras-comunidades\/#primaryimage\"},\"thumbnailUrl\":\"https:\/\/chilpancingo.gob.mx\/portal\/wp-content\/uploads\/2026\/04\/681195995_122199438422551875_5337078772673489709_n.jpg\",\"datePublished\":\"2026-04-26T19:22:56+00:00\",\"dateModified\":\"2026-04-30T19:27:32+00:00\",\"breadcrumb\":{\"@id\":\"https:\/\/chilpancingo.gob.mx\/portal\/tradiciones-que-se-viven-y-se-cuidan-en-chilpancingo-%f0%9f%8e%89en-chilpancingo-las-tradiciones-dan-identidad-a-nuestras-comunidades\/#breadcrumb\"},\"inLanguage\":\"es\",\"potentialAction\":[{\"@type\":\"ReadAction\",\"target\":[\"https:\/\/chilpancingo.gob.mx\/portal\/tradiciones-que-se-viven-y-se-cuidan-en-chilpancingo-%f0%9f%8e%89en-chilpancingo-las-tradiciones-dan-identidad-a-nuestras-comunidades\/\"]}]},{\"@type\":\"ImageObject\",\"inLanguage\":\"es\",\"@id\":\"https:\/\/chilpancingo.gob.mx\/portal\/tradiciones-que-se-viven-y-se-cuidan-en-chilpancingo-%f0%9f%8e%89en-chilpancingo-las-tradiciones-dan-identidad-a-nuestras-comunidades\/#primaryimage\",\"url\":\"https:\/\/chilpancingo.gob.mx\/portal\/wp-content\/uploads\/2026\/04\/681195995_122199438422551875_5337078772673489709_n.jpg\",\"contentUrl\":\"https:\/\/chilpancingo.gob.mx\/portal\/wp-content\/uploads\/2026\/04\/681195995_122199438422551875_5337078772673489709_n.jpg\",\"width\":590,\"height\":394},{\"@type\":\"BreadcrumbList\",\"@id\":\"https:\/\/chilpancingo.gob.mx\/portal\/tradiciones-que-se-viven-y-se-cuidan-en-chilpancingo-%f0%9f%8e%89en-chilpancingo-las-tradiciones-dan-identidad-a-nuestras-comunidades\/#breadcrumb\",\"itemListElement\":[{\"@type\":\"ListItem\",\"position\":1,\"name\":\"Inicio\",\"item\":\"https:\/\/chilpancingo.gob.mx\/portal\/\"},{\"@type\":\"ListItem\",\"position\":2,\"name\":\"Tradiciones que se viven y se cuidan en Chilpancingo \ud83c\udf89En Chilpancingo, las tradiciones dan identidad a nuestras comunidades\"}]},{\"@type\":\"WebSite\",\"@id\":\"https:\/\/chilpancingo.gob.mx\/portal\/#website\",\"url\":\"https:\/\/chilpancingo.gob.mx\/portal\/\",\"name\":\"H. Ayuntamiento de Chilpancingo de los Bravo\",\"description\":\"Chilpancingo de los Bravo  2024 - 2027\",\"publisher\":{\"@id\":\"https:\/\/chilpancingo.gob.mx\/portal\/#organization\"},\"potentialAction\":[{\"@type\":\"SearchAction\",\"target\":{\"@type\":\"EntryPoint\",\"urlTemplate\":\"https:\/\/chilpancingo.gob.mx\/portal\/?s={search_term_string}\"},\"query-input\":{\"@type\":\"PropertyValueSpecification\",\"valueRequired\":true,\"valueName\":\"search_term_string\"}}],\"inLanguage\":\"es\"},{\"@type\":\"Organization\",\"@id\":\"https:\/\/chilpancingo.gob.mx\/portal\/#organization\",\"name\":\"Municipio de Chilpancingo de los Bravo\",\"url\":\"https:\/\/chilpancingo.gob.mx\/portal\/\",\"logo\":{\"@type\":\"ImageObject\",\"inLanguage\":\"es\",\"@id\":\"https:\/\/chilpancingo.gob.mx\/portal\/#\/schema\/logo\/image\/\",\"url\":\"https:\/\/chilpancingo.gob.mx\/portal\/wp-content\/uploads\/2021\/09\/Logo-Oficial-Capital-de-cultura-y-progreso.png\",\"contentUrl\":\"https:\/\/chilpancingo.gob.mx\/portal\/wp-content\/uploads\/2021\/09\/Logo-Oficial-Capital-de-cultura-y-progreso.png\",\"width\":1200,\"height\":623,\"caption\":\"Municipio de Chilpancingo de los Bravo\"},\"image\":{\"@id\":\"https:\/\/chilpancingo.gob.mx\/portal\/#\/schema\/logo\/image\/\"},\"sameAs\":[\"https:\/\/www.facebook.com\/AyuntamientodeChilpancingo\",\"https:\/\/x.com\/otilia_norma\"]},{\"@type\":\"Person\",\"@id\":\"https:\/\/chilpancingo.gob.mx\/portal\/#\/schema\/person\/16194606437a58bb73c4148d5c3f4643\",\"name\":\"Victor Diaz Avila\",\"image\":{\"@type\":\"ImageObject\",\"inLanguage\":\"es\",\"@id\":\"https:\/\/chilpancingo.gob.mx\/portal\/#\/schema\/person\/image\/\",\"url\":\"https:\/\/secure.gravatar.com\/avatar\/617e8c67af79ce0edccb18e9acb4f883bdebc37ceae275f194cab3f5f87d831a?s=96&d=mm&r=g\",\"contentUrl\":\"https:\/\/secure.gravatar.com\/avatar\/617e8c67af79ce0edccb18e9acb4f883bdebc37ceae275f194cab3f5f87d831a?s=96&d=mm&r=g\",\"caption\":\"Victor Diaz Avila\"}}]}<\/script>\n<!-- \/ Yoast SEO plugin. -->","yoast_head_json":{"title":"Tradiciones que se viven y se cuidan en Chilpancingo \ud83c\udf89En Chilpancingo, las tradiciones dan identidad a nuestras comunidades","robots":{"index":"index","follow":"follow","max-snippet":"max-snippet:-1","max-image-preview":"max-image-preview:large","max-video-preview":"max-video-preview:-1"},"canonical":"https:\/\/chilpancingo.gob.mx\/portal\/tradiciones-que-se-viven-y-se-cuidan-en-chilpancingo-\ud83c\udf89en-chilpancingo-las-tradiciones-dan-identidad-a-nuestras-comunidades\/","og_locale":"es_MX","og_type":"article","og_title":"Tradiciones que se viven y se cuidan en Chilpancingo \ud83c\udf89En Chilpancingo, las tradiciones dan identidad a nuestras comunidades","og_description":"El Gobierno Municipal encabezado por #GustavoAlarc\u00f3nHerrera acompa\u00f1\u00f3 el Paseo del Pend\u00f3nSe respalda la cultura y las celebraciones que unen a la genteHoy las familias participan y mantienen vivas sus costumbresEs [&hellip;]","og_url":"https:\/\/chilpancingo.gob.mx\/portal\/tradiciones-que-se-viven-y-se-cuidan-en-chilpancingo-\ud83c\udf89en-chilpancingo-las-tradiciones-dan-identidad-a-nuestras-comunidades\/","og_site_name":"H. Ayuntamiento de Chilpancingo de los Bravo","article_publisher":"https:\/\/www.facebook.com\/AyuntamientodeChilpancingo","article_published_time":"2026-04-26T19:22:56+00:00","article_modified_time":"2026-04-30T19:27:32+00:00","og_image":[{"width":590,"height":394,"url":"https:\/\/chilpancingo.gob.mx\/portal\/wp-content\/uploads\/2026\/04\/681195995_122199438422551875_5337078772673489709_n.jpg","type":"image\/jpeg"}],"author":"Victor Diaz Avila","twitter_card":"summary_large_image","twitter_creator":"@otilia_norma","twitter_site":"@otilia_norma","schema":{"@context":"https:\/\/schema.org","@graph":[{"@type":"Article","@id":"https:\/\/chilpancingo.gob.mx\/portal\/tradiciones-que-se-viven-y-se-cuidan-en-chilpancingo-%f0%9f%8e%89en-chilpancingo-las-tradiciones-dan-identidad-a-nuestras-comunidades\/#article","isPartOf":{"@id":"https:\/\/chilpancingo.gob.mx\/portal\/tradiciones-que-se-viven-y-se-cuidan-en-chilpancingo-%f0%9f%8e%89en-chilpancingo-las-tradiciones-dan-identidad-a-nuestras-comunidades\/"},"author":{"name":"Victor Diaz Avila","@id":"https:\/\/chilpancingo.gob.mx\/portal\/#\/schema\/person\/16194606437a58bb73c4148d5c3f4643"},"headline":"Tradiciones que se viven y se cuidan en Chilpancingo \ud83c\udf89En Chilpancingo, las tradiciones dan identidad a nuestras comunidades","datePublished":"2026-04-26T19:22:56+00:00","dateModified":"2026-04-30T19:27:32+00:00","mainEntityOfPage":{"@id":"https:\/\/chilpancingo.gob.mx\/portal\/tradiciones-que-se-viven-y-se-cuidan-en-chilpancingo-%f0%9f%8e%89en-chilpancingo-las-tradiciones-dan-identidad-a-nuestras-comunidades\/"},"wordCount":66,"publisher":{"@id":"https:\/\/chilpancingo.gob.mx\/portal\/#organization"},"image":{"@id":"https:\/\/chilpancingo.gob.mx\/portal\/tradiciones-que-se-viven-y-se-cuidan-en-chilpancingo-%f0%9f%8e%89en-chilpancingo-las-tradiciones-dan-identidad-a-nuestras-comunidades\/#primaryimage"},"thumbnailUrl":"https:\/\/chilpancingo.gob.mx\/portal\/wp-content\/uploads\/2026\/04\/681195995_122199438422551875_5337078772673489709_n.jpg","articleSection":["Sala de prensa"],"inLanguage":"es"},{"@type":"WebPage","@id":"https:\/\/chilpancingo.gob.mx\/portal\/tradiciones-que-se-viven-y-se-cuidan-en-chilpancingo-%f0%9f%8e%89en-chilpancingo-las-tradiciones-dan-identidad-a-nuestras-comunidades\/","url":"https:\/\/chilpancingo.gob.mx\/portal\/tradiciones-que-se-viven-y-se-cuidan-en-chilpancingo-%f0%9f%8e%89en-chilpancingo-las-tradiciones-dan-identidad-a-nuestras-comunidades\/","name":"Tradiciones que se viven y se cuidan en Chilpancingo \ud83c\udf89En Chilpancingo, las tradiciones dan identidad a nuestras comunidades","isPartOf":{"@id":"https:\/\/chilpancingo.gob.mx\/portal\/#website"},"primaryImageOfPage":{"@id":"https:\/\/chilpancingo.gob.mx\/portal\/tradiciones-que-se-viven-y-se-cuidan-en-chilpancingo-%f0%9f%8e%89en-chilpancingo-las-tradiciones-dan-identidad-a-nuestras-comunidades\/#primaryimage"},"image":{"@id":"https:\/\/chilpancingo.gob.mx\/portal\/tradiciones-que-se-viven-y-se-cuidan-en-chilpancingo-%f0%9f%8e%89en-chilpancingo-las-tradiciones-dan-identidad-a-nuestras-comunidades\/#primaryimage"},"thumbnailUrl":"https:\/\/chilpancingo.gob.mx\/portal\/wp-content\/uploads\/2026\/04\/681195995_122199438422551875_5337078772673489709_n.jpg","datePublished":"2026-04-26T19:22:56+00:00","dateModified":"2026-04-30T19:27:32+00:00","breadcrumb":{"@id":"https:\/\/chilpancingo.gob.mx\/portal\/tradiciones-que-se-viven-y-se-cuidan-en-chilpancingo-%f0%9f%8e%89en-chilpancingo-las-tradiciones-dan-identidad-a-nuestras-comunidades\/#breadcrumb"},"inLanguage":"es","potentialAction":[{"@type":"ReadAction","target":["https:\/\/chilpancingo.gob.mx\/portal\/tradiciones-que-se-viven-y-se-cuidan-en-chilpancingo-%f0%9f%8e%89en-chilpancingo-las-tradiciones-dan-identidad-a-nuestras-comunidades\/"]}]},{"@type":"ImageObject","inLanguage":"es","@id":"https:\/\/chilpancingo.gob.mx\/portal\/tradiciones-que-se-viven-y-se-cuidan-en-chilpancingo-%f0%9f%8e%89en-chilpancingo-las-tradiciones-dan-identidad-a-nuestras-comunidades\/#primaryimage","url":"https:\/\/chilpancingo.gob.mx\/portal\/wp-content\/uploads\/2026\/04\/681195995_122199438422551875_5337078772673489709_n.jpg","contentUrl":"https:\/\/chilpancingo.gob.mx\/portal\/wp-content\/uploads\/2026\/04\/681195995_122199438422551875_5337078772673489709_n.jpg","width":590,"height":394},{"@type":"BreadcrumbList","@id":"https:\/\/chilpancingo.gob.mx\/portal\/tradiciones-que-se-viven-y-se-cuidan-en-chilpancingo-%f0%9f%8e%89en-chilpancingo-las-tradiciones-dan-identidad-a-nuestras-comunidades\/#breadcrumb","itemListElement":[{"@type":"ListItem","position":1,"name":"Inicio","item":"https:\/\/chilpancingo.gob.mx\/portal\/"},{"@type":"ListItem","position":2,"name":"Tradiciones que se viven y se cuidan en Chilpancingo \ud83c\udf89En Chilpancingo, las tradiciones dan identidad a nuestras comunidades"}]},{"@type":"WebSite","@id":"https:\/\/chilpancingo.gob.mx\/portal\/#website","url":"https:\/\/chilpancingo.gob.mx\/portal\/","name":"H. Ayuntamiento de Chilpancingo de los Bravo","description":"Chilpancingo de los Bravo  2024 - 2027","publisher":{"@id":"https:\/\/chilpancingo.gob.mx\/portal\/#organization"},"potentialAction":[{"@type":"SearchAction","target":{"@type":"EntryPoint","urlTemplate":"https:\/\/chilpancingo.gob.mx\/portal\/?s={search_term_string}"},"query-input":{"@type":"PropertyValueSpecification","valueRequired":true,"valueName":"search_term_string"}}],"inLanguage":"es"},{"@type":"Organization","@id":"https:\/\/chilpancingo.gob.mx\/portal\/#organization","name":"Municipio de Chilpancingo de los Bravo","url":"https:\/\/chilpancingo.gob.mx\/portal\/","logo":{"@type":"ImageObject","inLanguage":"es","@id":"https:\/\/chilpancingo.gob.mx\/portal\/#\/schema\/logo\/image\/","url":"https:\/\/chilpancingo.gob.mx\/portal\/wp-content\/uploads\/2021\/09\/Logo-Oficial-Capital-de-cultura-y-progreso.png","contentUrl":"https:\/\/chilpancingo.gob.mx\/portal\/wp-content\/uploads\/2021\/09\/Logo-Oficial-Capital-de-cultura-y-progreso.png","width":1200,"height":623,"caption":"Municipio de Chilpancingo de los Bravo"},"image":{"@id":"https:\/\/chilpancingo.gob.mx\/portal\/#\/schema\/logo\/image\/"},"sameAs":["https:\/\/www.facebook.com\/AyuntamientodeChilpancingo","https:\/\/x.com\/otilia_norma"]},{"@type":"Person","@id":"https:\/\/chilpancingo.gob.mx\/portal\/#\/schema\/person\/16194606437a58bb73c4148d5c3f4643","name":"Victor Diaz Avila","image":{"@type":"ImageObject","inLanguage":"es","@id":"https:\/\/chilpancingo.gob.mx\/portal\/#\/schema\/person\/image\/","url":"https:\/\/secure.gravatar.com\/avatar\/617e8c67af79ce0edccb18e9acb4f883bdebc37ceae275f194cab3f5f87d831a?s=96&d=mm&r=g","contentUrl":"https:\/\/secure.gravatar.com\/avatar\/617e8c67af79ce0edccb18e9acb4f883bdebc37ceae275f194cab3f5f87d831a?s=96&d=mm&r=g","caption":"Victor Diaz Avila"}}]}},"_links":{"self":[{"href":"https:\/\/chilpancingo.gob.mx\/portal\/wp-json\/wp\/v2\/posts\/21424","targetHints":{"allow":["GET"]}}],"collection":[{"href":"https:\/\/chilpancingo.gob.mx\/portal\/wp-json\/wp\/v2\/posts"}],"about":[{"href":"https:\/\/chilpancingo.gob.mx\/portal\/wp-json\/wp\/v2\/types\/post"}],"author":[{"embeddable":true,"href":"https:\/\/chilpancingo.gob.mx\/portal\/wp-json\/wp\/v2\/users\/5"}],"replies":[{"embeddable":true,"href":"https:\/\/chilpancingo.gob.mx\/portal\/wp-json\/wp\/v2\/comments?post=21424"}],"version-history":[{"count":1,"href":"https:\/\/chilpancingo.gob.mx\/portal\/wp-json\/wp\/v2\/posts\/21424\/revisions"}],"predecessor-version":[{"id":21452,"href":"https:\/\/chilpancingo.gob.mx\/portal\/wp-json\/wp\/v2\/posts\/21424\/revisions\/21452"}],"wp:featuredmedia":[{"embeddable":true,"href":"https:\/\/chilpancingo.gob.mx\/portal\/wp-json\/wp\/v2\/media\/21444"}],"wp:attachment":[{"href":"https:\/\/chilpancingo.gob.mx\/portal\/wp-json\/wp\/v2\/media?parent=21424"}],"wp:term":[{"taxonomy":"category","embeddable":true,"href":"https:\/\/chilpancingo.gob.mx\/portal\/wp-json\/wp\/v2\/categories?post=21424"},{"taxonomy":"post_tag","embeddable":true,"href":"https:\/\/chilpancingo.gob.mx\/portal\/wp-json\/wp\/v2\/tags?post=21424"}],"curies":[{"name":"wp","href":"https:\/\/api.w.org\/{rel}","templated":true}]}}