{"id":21453,"date":"2026-04-27T13:27:44","date_gmt":"2026-04-27T19:27:44","guid":{"rendered":"https:\/\/chilpancingo.gob.mx\/portal\/?p=21453"},"modified":"2026-04-30T13:30:10","modified_gmt":"2026-04-30T19:30:10","slug":"remodelamos-y-dimos-mantenimiento-al-corredor-gastronomico-de-chilpancingo-en-el-mercado-del-pri-para-recibir-al-turismo-%f0%9f%a5%98","status":"publish","type":"post","link":"https:\/\/chilpancingo.gob.mx\/portal\/remodelamos-y-dimos-mantenimiento-al-corredor-gastronomico-de-chilpancingo-en-el-mercado-del-pri-para-recibir-al-turismo-%f0%9f%a5%98\/","title":{"rendered":"Remodelamos y dimos mantenimiento al Corredor Gastron\u00f3mico de Chilpancingo en el Mercado del PRI para recibir al turismo. \ud83e\udd58"},"content":{"rendered":"\n<p>Hacemos justicia a nuestros comerciantes impulsando su trabajo ante el mundo.<br>Por nuestra capital pasan millones de visitantes al a\u00f1o y hoy les ofrecemos un espacio digno y atractivo.<br>recibimos a los primeros turistas con el mejor saz\u00f3n de la ciudad.<br>Fortalecer lo local es la ruta para que nuestra econom\u00eda siga creciendo con orden.<br>Menos discurso y m\u00e1s trabajo para nuestra identidad; \u00a1Chilpancingo ya est\u00e1 listo!<br>Unidos, Chilpancingo renace.<\/p>\n\n\n\n<figure class=\"wp-block-gallery has-nested-images columns-default is-cropped wp-block-gallery-1 is-layout-flex wp-block-gallery-is-layout-flex\">\n<figure class=\"wp-block-image size-large\"><img fetchpriority=\"high\" decoding=\"async\" width=\"1024\" height=\"576\" data-id=\"21457\" src=\"https:\/\/chilpancingo.gob.mx\/portal\/wp-content\/uploads\/2026\/04\/681300858_122199532892551875_3880087743829544438_n-1024x576.jpg\" alt=\"\" class=\"wp-image-21457\" srcset=\"https:\/\/chilpancingo.gob.mx\/portal\/wp-content\/uploads\/2026\/04\/681300858_122199532892551875_3880087743829544438_n-1024x576.jpg 1024w, https:\/\/chilpancingo.gob.mx\/portal\/wp-content\/uploads\/2026\/04\/681300858_122199532892551875_3880087743829544438_n-300x169.jpg 300w, https:\/\/chilpancingo.gob.mx\/portal\/wp-content\/uploads\/2026\/04\/681300858_122199532892551875_3880087743829544438_n-768x432.jpg 768w, https:\/\/chilpancingo.gob.mx\/portal\/wp-content\/uploads\/2026\/04\/681300858_122199532892551875_3880087743829544438_n-1536x864.jpg 1536w, https:\/\/chilpancingo.gob.mx\/portal\/wp-content\/uploads\/2026\/04\/681300858_122199532892551875_3880087743829544438_n.jpg 1200w\" sizes=\"(max-width: 1024px) 100vw, 1024px\" \/><\/figure>\n\n\n\n<figure class=\"wp-block-image size-large\"><img decoding=\"async\" width=\"1024\" height=\"576\" data-id=\"21459\" src=\"https:\/\/chilpancingo.gob.mx\/portal\/wp-content\/uploads\/2026\/04\/681984102_122199532844551875_194165848584020119_n-1024x576.jpg\" alt=\"\" class=\"wp-image-21459\" srcset=\"https:\/\/chilpancingo.gob.mx\/portal\/wp-content\/uploads\/2026\/04\/681984102_122199532844551875_194165848584020119_n-1024x576.jpg 1024w, https:\/\/chilpancingo.gob.mx\/portal\/wp-content\/uploads\/2026\/04\/681984102_122199532844551875_194165848584020119_n-300x169.jpg 300w, https:\/\/chilpancingo.gob.mx\/portal\/wp-content\/uploads\/2026\/04\/681984102_122199532844551875_194165848584020119_n-768x432.jpg 768w, https:\/\/chilpancingo.gob.mx\/portal\/wp-content\/uploads\/2026\/04\/681984102_122199532844551875_194165848584020119_n-1536x864.jpg 1536w, https:\/\/chilpancingo.gob.mx\/portal\/wp-content\/uploads\/2026\/04\/681984102_122199532844551875_194165848584020119_n.jpg 1200w\" sizes=\"(max-width: 1024px) 100vw, 1024px\" \/><\/figure>\n\n\n\n<figure class=\"wp-block-image size-large\"><img decoding=\"async\" width=\"1024\" height=\"768\" data-id=\"21458\" src=\"https:\/\/chilpancingo.gob.mx\/portal\/wp-content\/uploads\/2026\/04\/684204292_122199532802551875_2161023530985445988_n-1024x768.jpg\" alt=\"\" class=\"wp-image-21458\" srcset=\"https:\/\/chilpancingo.gob.mx\/portal\/wp-content\/uploads\/2026\/04\/684204292_122199532802551875_2161023530985445988_n-1024x768.jpg 1024w, https:\/\/chilpancingo.gob.mx\/portal\/wp-content\/uploads\/2026\/04\/684204292_122199532802551875_2161023530985445988_n-300x225.jpg 300w, https:\/\/chilpancingo.gob.mx\/portal\/wp-content\/uploads\/2026\/04\/684204292_122199532802551875_2161023530985445988_n-768x576.jpg 768w, https:\/\/chilpancingo.gob.mx\/portal\/wp-content\/uploads\/2026\/04\/684204292_122199532802551875_2161023530985445988_n-1536x1152.jpg 1536w, https:\/\/chilpancingo.gob.mx\/portal\/wp-content\/uploads\/2026\/04\/684204292_122199532802551875_2161023530985445988_n.jpg 2048w\" sizes=\"(max-width: 1024px) 100vw, 1024px\" \/><\/figure>\n\n\n\n<figure class=\"wp-block-image size-large\"><img loading=\"lazy\" decoding=\"async\" width=\"590\" height=\"394\" data-id=\"21456\" src=\"https:\/\/chilpancingo.gob.mx\/portal\/wp-content\/uploads\/2026\/04\/685132229_122199532004551875_6529791024696246867_n.jpg\" alt=\"\" class=\"wp-image-21456\" srcset=\"https:\/\/chilpancingo.gob.mx\/portal\/wp-content\/uploads\/2026\/04\/685132229_122199532004551875_6529791024696246867_n.jpg 590w, https:\/\/chilpancingo.gob.mx\/portal\/wp-content\/uploads\/2026\/04\/685132229_122199532004551875_6529791024696246867_n-300x200.jpg 300w\" sizes=\"(max-width: 590px) 100vw, 590px\" \/><\/figure>\n\n\n\n<figure class=\"wp-block-image size-large\"><img loading=\"lazy\" decoding=\"async\" width=\"590\" height=\"394\" data-id=\"21455\" src=\"https:\/\/chilpancingo.gob.mx\/portal\/wp-content\/uploads\/2026\/04\/682418422_122199531884551875_4129335807612953904_n.jpg\" alt=\"\" class=\"wp-image-21455\" srcset=\"https:\/\/chilpancingo.gob.mx\/portal\/wp-content\/uploads\/2026\/04\/682418422_122199531884551875_4129335807612953904_n.jpg 590w, https:\/\/chilpancingo.gob.mx\/portal\/wp-content\/uploads\/2026\/04\/682418422_122199531884551875_4129335807612953904_n-300x200.jpg 300w\" sizes=\"(max-width: 590px) 100vw, 590px\" \/><\/figure>\n\n\n\n<figure class=\"wp-block-image size-large\"><img loading=\"lazy\" decoding=\"async\" width=\"590\" height=\"394\" data-id=\"21454\" src=\"https:\/\/chilpancingo.gob.mx\/portal\/wp-content\/uploads\/2026\/04\/682444751_122199531776551875_7059274444653821079_n.jpg\" alt=\"\" class=\"wp-image-21454\" srcset=\"https:\/\/chilpancingo.gob.mx\/portal\/wp-content\/uploads\/2026\/04\/682444751_122199531776551875_7059274444653821079_n.jpg 590w, https:\/\/chilpancingo.gob.mx\/portal\/wp-content\/uploads\/2026\/04\/682444751_122199531776551875_7059274444653821079_n-300x200.jpg 300w\" sizes=\"(max-width: 590px) 100vw, 590px\" \/><\/figure>\n\n\n\n<figure class=\"wp-block-image size-large\"><img loading=\"lazy\" decoding=\"async\" width=\"590\" height=\"394\" data-id=\"21460\" src=\"https:\/\/chilpancingo.gob.mx\/portal\/wp-content\/uploads\/2026\/04\/685095292_122199531716551875_2004437077149097713_n.jpg\" alt=\"\" class=\"wp-image-21460\" srcset=\"https:\/\/chilpancingo.gob.mx\/portal\/wp-content\/uploads\/2026\/04\/685095292_122199531716551875_2004437077149097713_n.jpg 590w, https:\/\/chilpancingo.gob.mx\/portal\/wp-content\/uploads\/2026\/04\/685095292_122199531716551875_2004437077149097713_n-300x200.jpg 300w\" sizes=\"(max-width: 590px) 100vw, 590px\" \/><\/figure>\n<\/figure>\n","protected":false},"excerpt":{"rendered":"<p>Hacemos justicia a nuestros comerciantes impulsando su trabajo ante el mundo.Por nuestra capital pasan millones de visitantes al a\u00f1o y hoy les ofrecemos un espacio digno y atractivo.recibimos a los [&hellip;]<\/p>\n","protected":false},"author":5,"featured_media":21456,"comment_status":"closed","ping_status":"closed","sticky":false,"template":"","format":"standard","meta":{"pgc_sgb_lightbox_settings":"","footnotes":""},"categories":[1],"tags":[],"class_list":["post-21453","post","type-post","status-publish","format-standard","has-post-thumbnail","hentry","category-sala-de-prensa"],"yoast_head":"<!-- This site is optimized with the Yoast SEO plugin v23.8 - https:\/\/yoast.com\/wordpress\/plugins\/seo\/ -->\n<title>Remodelamos y dimos mantenimiento al Corredor Gastron\u00f3mico de Chilpancingo en el Mercado del PRI para recibir al turismo. \ud83e\udd58<\/title>\n<meta name=\"robots\" content=\"index, follow, max-snippet:-1, max-image-preview:large, max-video-preview:-1\" \/>\n<link rel=\"canonical\" href=\"https:\/\/chilpancingo.gob.mx\/portal\/remodelamos-y-dimos-mantenimiento-al-corredor-gastronomico-de-chilpancingo-en-el-mercado-del-pri-para-recibir-al-turismo-\ud83e\udd58\/\" \/>\n<meta property=\"og:locale\" content=\"es_MX\" \/>\n<meta property=\"og:type\" content=\"article\" \/>\n<meta property=\"og:title\" content=\"Remodelamos y dimos mantenimiento al Corredor Gastron\u00f3mico de Chilpancingo en el Mercado del PRI para recibir al turismo. \ud83e\udd58\" \/>\n<meta property=\"og:description\" content=\"Hacemos justicia a nuestros comerciantes impulsando su trabajo ante el mundo.Por nuestra capital pasan millones de visitantes al a\u00f1o y hoy les ofrecemos un espacio digno y atractivo.recibimos a los [&hellip;]\" \/>\n<meta property=\"og:url\" content=\"https:\/\/chilpancingo.gob.mx\/portal\/remodelamos-y-dimos-mantenimiento-al-corredor-gastronomico-de-chilpancingo-en-el-mercado-del-pri-para-recibir-al-turismo-\ud83e\udd58\/\" \/>\n<meta property=\"og:site_name\" content=\"H. Ayuntamiento de Chilpancingo de los Bravo\" \/>\n<meta property=\"article:publisher\" content=\"https:\/\/www.facebook.com\/AyuntamientodeChilpancingo\" \/>\n<meta property=\"article:published_time\" content=\"2026-04-27T19:27:44+00:00\" \/>\n<meta property=\"article:modified_time\" content=\"2026-04-30T19:30:10+00:00\" \/>\n<meta property=\"og:image\" content=\"https:\/\/chilpancingo.gob.mx\/portal\/wp-content\/uploads\/2026\/04\/685132229_122199532004551875_6529791024696246867_n.jpg\" \/>\n\t<meta property=\"og:image:width\" content=\"590\" \/>\n\t<meta property=\"og:image:height\" content=\"394\" \/>\n\t<meta property=\"og:image:type\" content=\"image\/jpeg\" \/>\n<meta name=\"author\" content=\"Victor Diaz Avila\" \/>\n<meta name=\"twitter:card\" content=\"summary_large_image\" \/>\n<meta name=\"twitter:creator\" content=\"@otilia_norma\" \/>\n<meta name=\"twitter:site\" content=\"@otilia_norma\" \/>\n<script type=\"application\/ld+json\" class=\"yoast-schema-graph\">{\"@context\":\"https:\/\/schema.org\",\"@graph\":[{\"@type\":\"Article\",\"@id\":\"https:\/\/chilpancingo.gob.mx\/portal\/remodelamos-y-dimos-mantenimiento-al-corredor-gastronomico-de-chilpancingo-en-el-mercado-del-pri-para-recibir-al-turismo-%f0%9f%a5%98\/#article\",\"isPartOf\":{\"@id\":\"https:\/\/chilpancingo.gob.mx\/portal\/remodelamos-y-dimos-mantenimiento-al-corredor-gastronomico-de-chilpancingo-en-el-mercado-del-pri-para-recibir-al-turismo-%f0%9f%a5%98\/\"},\"author\":{\"name\":\"Victor Diaz Avila\",\"@id\":\"https:\/\/chilpancingo.gob.mx\/portal\/#\/schema\/person\/16194606437a58bb73c4148d5c3f4643\"},\"headline\":\"Remodelamos y dimos mantenimiento al Corredor Gastron\u00f3mico de Chilpancingo en el Mercado del PRI para recibir al turismo. \ud83e\udd58\",\"datePublished\":\"2026-04-27T19:27:44+00:00\",\"dateModified\":\"2026-04-30T19:30:10+00:00\",\"mainEntityOfPage\":{\"@id\":\"https:\/\/chilpancingo.gob.mx\/portal\/remodelamos-y-dimos-mantenimiento-al-corredor-gastronomico-de-chilpancingo-en-el-mercado-del-pri-para-recibir-al-turismo-%f0%9f%a5%98\/\"},\"wordCount\":93,\"publisher\":{\"@id\":\"https:\/\/chilpancingo.gob.mx\/portal\/#organization\"},\"image\":{\"@id\":\"https:\/\/chilpancingo.gob.mx\/portal\/remodelamos-y-dimos-mantenimiento-al-corredor-gastronomico-de-chilpancingo-en-el-mercado-del-pri-para-recibir-al-turismo-%f0%9f%a5%98\/#primaryimage\"},\"thumbnailUrl\":\"https:\/\/chilpancingo.gob.mx\/portal\/wp-content\/uploads\/2026\/04\/685132229_122199532004551875_6529791024696246867_n.jpg\",\"articleSection\":[\"Sala de prensa\"],\"inLanguage\":\"es\"},{\"@type\":\"WebPage\",\"@id\":\"https:\/\/chilpancingo.gob.mx\/portal\/remodelamos-y-dimos-mantenimiento-al-corredor-gastronomico-de-chilpancingo-en-el-mercado-del-pri-para-recibir-al-turismo-%f0%9f%a5%98\/\",\"url\":\"https:\/\/chilpancingo.gob.mx\/portal\/remodelamos-y-dimos-mantenimiento-al-corredor-gastronomico-de-chilpancingo-en-el-mercado-del-pri-para-recibir-al-turismo-%f0%9f%a5%98\/\",\"name\":\"Remodelamos y dimos mantenimiento al Corredor Gastron\u00f3mico de Chilpancingo en el Mercado del PRI para recibir al turismo. \ud83e\udd58\",\"isPartOf\":{\"@id\":\"https:\/\/chilpancingo.gob.mx\/portal\/#website\"},\"primaryImageOfPage\":{\"@id\":\"https:\/\/chilpancingo.gob.mx\/portal\/remodelamos-y-dimos-mantenimiento-al-corredor-gastronomico-de-chilpancingo-en-el-mercado-del-pri-para-recibir-al-turismo-%f0%9f%a5%98\/#primaryimage\"},\"image\":{\"@id\":\"https:\/\/chilpancingo.gob.mx\/portal\/remodelamos-y-dimos-mantenimiento-al-corredor-gastronomico-de-chilpancingo-en-el-mercado-del-pri-para-recibir-al-turismo-%f0%9f%a5%98\/#primaryimage\"},\"thumbnailUrl\":\"https:\/\/chilpancingo.gob.mx\/portal\/wp-content\/uploads\/2026\/04\/685132229_122199532004551875_6529791024696246867_n.jpg\",\"datePublished\":\"2026-04-27T19:27:44+00:00\",\"dateModified\":\"2026-04-30T19:30:10+00:00\",\"breadcrumb\":{\"@id\":\"https:\/\/chilpancingo.gob.mx\/portal\/remodelamos-y-dimos-mantenimiento-al-corredor-gastronomico-de-chilpancingo-en-el-mercado-del-pri-para-recibir-al-turismo-%f0%9f%a5%98\/#breadcrumb\"},\"inLanguage\":\"es\",\"potentialAction\":[{\"@type\":\"ReadAction\",\"target\":[\"https:\/\/chilpancingo.gob.mx\/portal\/remodelamos-y-dimos-mantenimiento-al-corredor-gastronomico-de-chilpancingo-en-el-mercado-del-pri-para-recibir-al-turismo-%f0%9f%a5%98\/\"]}]},{\"@type\":\"ImageObject\",\"inLanguage\":\"es\",\"@id\":\"https:\/\/chilpancingo.gob.mx\/portal\/remodelamos-y-dimos-mantenimiento-al-corredor-gastronomico-de-chilpancingo-en-el-mercado-del-pri-para-recibir-al-turismo-%f0%9f%a5%98\/#primaryimage\",\"url\":\"https:\/\/chilpancingo.gob.mx\/portal\/wp-content\/uploads\/2026\/04\/685132229_122199532004551875_6529791024696246867_n.jpg\",\"contentUrl\":\"https:\/\/chilpancingo.gob.mx\/portal\/wp-content\/uploads\/2026\/04\/685132229_122199532004551875_6529791024696246867_n.jpg\",\"width\":590,\"height\":394},{\"@type\":\"BreadcrumbList\",\"@id\":\"https:\/\/chilpancingo.gob.mx\/portal\/remodelamos-y-dimos-mantenimiento-al-corredor-gastronomico-de-chilpancingo-en-el-mercado-del-pri-para-recibir-al-turismo-%f0%9f%a5%98\/#breadcrumb\",\"itemListElement\":[{\"@type\":\"ListItem\",\"position\":1,\"name\":\"Inicio\",\"item\":\"https:\/\/chilpancingo.gob.mx\/portal\/\"},{\"@type\":\"ListItem\",\"position\":2,\"name\":\"Remodelamos y dimos mantenimiento al Corredor Gastron\u00f3mico de Chilpancingo en el Mercado del PRI para recibir al turismo. \ud83e\udd58\"}]},{\"@type\":\"WebSite\",\"@id\":\"https:\/\/chilpancingo.gob.mx\/portal\/#website\",\"url\":\"https:\/\/chilpancingo.gob.mx\/portal\/\",\"name\":\"H. Ayuntamiento de Chilpancingo de los Bravo\",\"description\":\"Chilpancingo de los Bravo  2024 - 2027\",\"publisher\":{\"@id\":\"https:\/\/chilpancingo.gob.mx\/portal\/#organization\"},\"potentialAction\":[{\"@type\":\"SearchAction\",\"target\":{\"@type\":\"EntryPoint\",\"urlTemplate\":\"https:\/\/chilpancingo.gob.mx\/portal\/?s={search_term_string}\"},\"query-input\":{\"@type\":\"PropertyValueSpecification\",\"valueRequired\":true,\"valueName\":\"search_term_string\"}}],\"inLanguage\":\"es\"},{\"@type\":\"Organization\",\"@id\":\"https:\/\/chilpancingo.gob.mx\/portal\/#organization\",\"name\":\"Municipio de Chilpancingo de los Bravo\",\"url\":\"https:\/\/chilpancingo.gob.mx\/portal\/\",\"logo\":{\"@type\":\"ImageObject\",\"inLanguage\":\"es\",\"@id\":\"https:\/\/chilpancingo.gob.mx\/portal\/#\/schema\/logo\/image\/\",\"url\":\"https:\/\/chilpancingo.gob.mx\/portal\/wp-content\/uploads\/2021\/09\/Logo-Oficial-Capital-de-cultura-y-progreso.png\",\"contentUrl\":\"https:\/\/chilpancingo.gob.mx\/portal\/wp-content\/uploads\/2021\/09\/Logo-Oficial-Capital-de-cultura-y-progreso.png\",\"width\":1200,\"height\":623,\"caption\":\"Municipio de Chilpancingo de los Bravo\"},\"image\":{\"@id\":\"https:\/\/chilpancingo.gob.mx\/portal\/#\/schema\/logo\/image\/\"},\"sameAs\":[\"https:\/\/www.facebook.com\/AyuntamientodeChilpancingo\",\"https:\/\/x.com\/otilia_norma\"]},{\"@type\":\"Person\",\"@id\":\"https:\/\/chilpancingo.gob.mx\/portal\/#\/schema\/person\/16194606437a58bb73c4148d5c3f4643\",\"name\":\"Victor Diaz Avila\",\"image\":{\"@type\":\"ImageObject\",\"inLanguage\":\"es\",\"@id\":\"https:\/\/chilpancingo.gob.mx\/portal\/#\/schema\/person\/image\/\",\"url\":\"https:\/\/secure.gravatar.com\/avatar\/617e8c67af79ce0edccb18e9acb4f883bdebc37ceae275f194cab3f5f87d831a?s=96&d=mm&r=g\",\"contentUrl\":\"https:\/\/secure.gravatar.com\/avatar\/617e8c67af79ce0edccb18e9acb4f883bdebc37ceae275f194cab3f5f87d831a?s=96&d=mm&r=g\",\"caption\":\"Victor Diaz Avila\"}}]}<\/script>\n<!-- \/ Yoast SEO plugin. -->","yoast_head_json":{"title":"Remodelamos y dimos mantenimiento al Corredor Gastron\u00f3mico de Chilpancingo en el Mercado del PRI para recibir al turismo. \ud83e\udd58","robots":{"index":"index","follow":"follow","max-snippet":"max-snippet:-1","max-image-preview":"max-image-preview:large","max-video-preview":"max-video-preview:-1"},"canonical":"https:\/\/chilpancingo.gob.mx\/portal\/remodelamos-y-dimos-mantenimiento-al-corredor-gastronomico-de-chilpancingo-en-el-mercado-del-pri-para-recibir-al-turismo-\ud83e\udd58\/","og_locale":"es_MX","og_type":"article","og_title":"Remodelamos y dimos mantenimiento al Corredor Gastron\u00f3mico de Chilpancingo en el Mercado del PRI para recibir al turismo. \ud83e\udd58","og_description":"Hacemos justicia a nuestros comerciantes impulsando su trabajo ante el mundo.Por nuestra capital pasan millones de visitantes al a\u00f1o y hoy les ofrecemos un espacio digno y atractivo.recibimos a los [&hellip;]","og_url":"https:\/\/chilpancingo.gob.mx\/portal\/remodelamos-y-dimos-mantenimiento-al-corredor-gastronomico-de-chilpancingo-en-el-mercado-del-pri-para-recibir-al-turismo-\ud83e\udd58\/","og_site_name":"H. Ayuntamiento de Chilpancingo de los Bravo","article_publisher":"https:\/\/www.facebook.com\/AyuntamientodeChilpancingo","article_published_time":"2026-04-27T19:27:44+00:00","article_modified_time":"2026-04-30T19:30:10+00:00","og_image":[{"width":590,"height":394,"url":"https:\/\/chilpancingo.gob.mx\/portal\/wp-content\/uploads\/2026\/04\/685132229_122199532004551875_6529791024696246867_n.jpg","type":"image\/jpeg"}],"author":"Victor Diaz Avila","twitter_card":"summary_large_image","twitter_creator":"@otilia_norma","twitter_site":"@otilia_norma","schema":{"@context":"https:\/\/schema.org","@graph":[{"@type":"Article","@id":"https:\/\/chilpancingo.gob.mx\/portal\/remodelamos-y-dimos-mantenimiento-al-corredor-gastronomico-de-chilpancingo-en-el-mercado-del-pri-para-recibir-al-turismo-%f0%9f%a5%98\/#article","isPartOf":{"@id":"https:\/\/chilpancingo.gob.mx\/portal\/remodelamos-y-dimos-mantenimiento-al-corredor-gastronomico-de-chilpancingo-en-el-mercado-del-pri-para-recibir-al-turismo-%f0%9f%a5%98\/"},"author":{"name":"Victor Diaz Avila","@id":"https:\/\/chilpancingo.gob.mx\/portal\/#\/schema\/person\/16194606437a58bb73c4148d5c3f4643"},"headline":"Remodelamos y dimos mantenimiento al Corredor Gastron\u00f3mico de Chilpancingo en el Mercado del PRI para recibir al turismo. \ud83e\udd58","datePublished":"2026-04-27T19:27:44+00:00","dateModified":"2026-04-30T19:30:10+00:00","mainEntityOfPage":{"@id":"https:\/\/chilpancingo.gob.mx\/portal\/remodelamos-y-dimos-mantenimiento-al-corredor-gastronomico-de-chilpancingo-en-el-mercado-del-pri-para-recibir-al-turismo-%f0%9f%a5%98\/"},"wordCount":93,"publisher":{"@id":"https:\/\/chilpancingo.gob.mx\/portal\/#organization"},"image":{"@id":"https:\/\/chilpancingo.gob.mx\/portal\/remodelamos-y-dimos-mantenimiento-al-corredor-gastronomico-de-chilpancingo-en-el-mercado-del-pri-para-recibir-al-turismo-%f0%9f%a5%98\/#primaryimage"},"thumbnailUrl":"https:\/\/chilpancingo.gob.mx\/portal\/wp-content\/uploads\/2026\/04\/685132229_122199532004551875_6529791024696246867_n.jpg","articleSection":["Sala de prensa"],"inLanguage":"es"},{"@type":"WebPage","@id":"https:\/\/chilpancingo.gob.mx\/portal\/remodelamos-y-dimos-mantenimiento-al-corredor-gastronomico-de-chilpancingo-en-el-mercado-del-pri-para-recibir-al-turismo-%f0%9f%a5%98\/","url":"https:\/\/chilpancingo.gob.mx\/portal\/remodelamos-y-dimos-mantenimiento-al-corredor-gastronomico-de-chilpancingo-en-el-mercado-del-pri-para-recibir-al-turismo-%f0%9f%a5%98\/","name":"Remodelamos y dimos mantenimiento al Corredor Gastron\u00f3mico de Chilpancingo en el Mercado del PRI para recibir al turismo. \ud83e\udd58","isPartOf":{"@id":"https:\/\/chilpancingo.gob.mx\/portal\/#website"},"primaryImageOfPage":{"@id":"https:\/\/chilpancingo.gob.mx\/portal\/remodelamos-y-dimos-mantenimiento-al-corredor-gastronomico-de-chilpancingo-en-el-mercado-del-pri-para-recibir-al-turismo-%f0%9f%a5%98\/#primaryimage"},"image":{"@id":"https:\/\/chilpancingo.gob.mx\/portal\/remodelamos-y-dimos-mantenimiento-al-corredor-gastronomico-de-chilpancingo-en-el-mercado-del-pri-para-recibir-al-turismo-%f0%9f%a5%98\/#primaryimage"},"thumbnailUrl":"https:\/\/chilpancingo.gob.mx\/portal\/wp-content\/uploads\/2026\/04\/685132229_122199532004551875_6529791024696246867_n.jpg","datePublished":"2026-04-27T19:27:44+00:00","dateModified":"2026-04-30T19:30:10+00:00","breadcrumb":{"@id":"https:\/\/chilpancingo.gob.mx\/portal\/remodelamos-y-dimos-mantenimiento-al-corredor-gastronomico-de-chilpancingo-en-el-mercado-del-pri-para-recibir-al-turismo-%f0%9f%a5%98\/#breadcrumb"},"inLanguage":"es","potentialAction":[{"@type":"ReadAction","target":["https:\/\/chilpancingo.gob.mx\/portal\/remodelamos-y-dimos-mantenimiento-al-corredor-gastronomico-de-chilpancingo-en-el-mercado-del-pri-para-recibir-al-turismo-%f0%9f%a5%98\/"]}]},{"@type":"ImageObject","inLanguage":"es","@id":"https:\/\/chilpancingo.gob.mx\/portal\/remodelamos-y-dimos-mantenimiento-al-corredor-gastronomico-de-chilpancingo-en-el-mercado-del-pri-para-recibir-al-turismo-%f0%9f%a5%98\/#primaryimage","url":"https:\/\/chilpancingo.gob.mx\/portal\/wp-content\/uploads\/2026\/04\/685132229_122199532004551875_6529791024696246867_n.jpg","contentUrl":"https:\/\/chilpancingo.gob.mx\/portal\/wp-content\/uploads\/2026\/04\/685132229_122199532004551875_6529791024696246867_n.jpg","width":590,"height":394},{"@type":"BreadcrumbList","@id":"https:\/\/chilpancingo.gob.mx\/portal\/remodelamos-y-dimos-mantenimiento-al-corredor-gastronomico-de-chilpancingo-en-el-mercado-del-pri-para-recibir-al-turismo-%f0%9f%a5%98\/#breadcrumb","itemListElement":[{"@type":"ListItem","position":1,"name":"Inicio","item":"https:\/\/chilpancingo.gob.mx\/portal\/"},{"@type":"ListItem","position":2,"name":"Remodelamos y dimos mantenimiento al Corredor Gastron\u00f3mico de Chilpancingo en el Mercado del PRI para recibir al turismo. \ud83e\udd58"}]},{"@type":"WebSite","@id":"https:\/\/chilpancingo.gob.mx\/portal\/#website","url":"https:\/\/chilpancingo.gob.mx\/portal\/","name":"H. Ayuntamiento de Chilpancingo de los Bravo","description":"Chilpancingo de los Bravo  2024 - 2027","publisher":{"@id":"https:\/\/chilpancingo.gob.mx\/portal\/#organization"},"potentialAction":[{"@type":"SearchAction","target":{"@type":"EntryPoint","urlTemplate":"https:\/\/chilpancingo.gob.mx\/portal\/?s={search_term_string}"},"query-input":{"@type":"PropertyValueSpecification","valueRequired":true,"valueName":"search_term_string"}}],"inLanguage":"es"},{"@type":"Organization","@id":"https:\/\/chilpancingo.gob.mx\/portal\/#organization","name":"Municipio de Chilpancingo de los Bravo","url":"https:\/\/chilpancingo.gob.mx\/portal\/","logo":{"@type":"ImageObject","inLanguage":"es","@id":"https:\/\/chilpancingo.gob.mx\/portal\/#\/schema\/logo\/image\/","url":"https:\/\/chilpancingo.gob.mx\/portal\/wp-content\/uploads\/2021\/09\/Logo-Oficial-Capital-de-cultura-y-progreso.png","contentUrl":"https:\/\/chilpancingo.gob.mx\/portal\/wp-content\/uploads\/2021\/09\/Logo-Oficial-Capital-de-cultura-y-progreso.png","width":1200,"height":623,"caption":"Municipio de Chilpancingo de los Bravo"},"image":{"@id":"https:\/\/chilpancingo.gob.mx\/portal\/#\/schema\/logo\/image\/"},"sameAs":["https:\/\/www.facebook.com\/AyuntamientodeChilpancingo","https:\/\/x.com\/otilia_norma"]},{"@type":"Person","@id":"https:\/\/chilpancingo.gob.mx\/portal\/#\/schema\/person\/16194606437a58bb73c4148d5c3f4643","name":"Victor Diaz Avila","image":{"@type":"ImageObject","inLanguage":"es","@id":"https:\/\/chilpancingo.gob.mx\/portal\/#\/schema\/person\/image\/","url":"https:\/\/secure.gravatar.com\/avatar\/617e8c67af79ce0edccb18e9acb4f883bdebc37ceae275f194cab3f5f87d831a?s=96&d=mm&r=g","contentUrl":"https:\/\/secure.gravatar.com\/avatar\/617e8c67af79ce0edccb18e9acb4f883bdebc37ceae275f194cab3f5f87d831a?s=96&d=mm&r=g","caption":"Victor Diaz Avila"}}]}},"_links":{"self":[{"href":"https:\/\/chilpancingo.gob.mx\/portal\/wp-json\/wp\/v2\/posts\/21453","targetHints":{"allow":["GET"]}}],"collection":[{"href":"https:\/\/chilpancingo.gob.mx\/portal\/wp-json\/wp\/v2\/posts"}],"about":[{"href":"https:\/\/chilpancingo.gob.mx\/portal\/wp-json\/wp\/v2\/types\/post"}],"author":[{"embeddable":true,"href":"https:\/\/chilpancingo.gob.mx\/portal\/wp-json\/wp\/v2\/users\/5"}],"replies":[{"embeddable":true,"href":"https:\/\/chilpancingo.gob.mx\/portal\/wp-json\/wp\/v2\/comments?post=21453"}],"version-history":[{"count":1,"href":"https:\/\/chilpancingo.gob.mx\/portal\/wp-json\/wp\/v2\/posts\/21453\/revisions"}],"predecessor-version":[{"id":21461,"href":"https:\/\/chilpancingo.gob.mx\/portal\/wp-json\/wp\/v2\/posts\/21453\/revisions\/21461"}],"wp:featuredmedia":[{"embeddable":true,"href":"https:\/\/chilpancingo.gob.mx\/portal\/wp-json\/wp\/v2\/media\/21456"}],"wp:attachment":[{"href":"https:\/\/chilpancingo.gob.mx\/portal\/wp-json\/wp\/v2\/media?parent=21453"}],"wp:term":[{"taxonomy":"category","embeddable":true,"href":"https:\/\/chilpancingo.gob.mx\/portal\/wp-json\/wp\/v2\/categories?post=21453"},{"taxonomy":"post_tag","embeddable":true,"href":"https:\/\/chilpancingo.gob.mx\/portal\/wp-json\/wp\/v2\/tags?post=21453"}],"curies":[{"name":"wp","href":"https:\/\/api.w.org\/{rel}","templated":true}]}}