{"id":21462,"date":"2026-04-28T13:30:15","date_gmt":"2026-04-28T19:30:15","guid":{"rendered":"https:\/\/chilpancingo.gob.mx\/portal\/?p=21462"},"modified":"2026-04-30T13:32:54","modified_gmt":"2026-04-30T19:32:54","slug":"chilpancingo-se-proyecta-en-el-tianguis-turistico-%f0%9f%8c%8e","status":"publish","type":"post","link":"https:\/\/chilpancingo.gob.mx\/portal\/chilpancingo-se-proyecta-en-el-tianguis-turistico-%f0%9f%8c%8e\/","title":{"rendered":"Chilpancingo se proyecta en el Tianguis Tur\u00edstico \ud83c\udf0e"},"content":{"rendered":"\n<p>Chilpancingo de los Bravo hace promoci\u00f3n tur\u00edstica.<br>El Gobierno Municipal de Chilpancingo particip\u00f3 en el Tianguis Tur\u00edstico de Acapulco, impulsando la promoci\u00f3n de su cultura, historia y gastronom\u00eda.<br>Hoy se abren oportunidades para atraer visitantes y generar econom\u00eda.<br>Es presencia estrat\u00e9gica, con proyecci\u00f3n y uso responsable de recursos.<br>Chilpancingo se posiciona a nivel nacional \u2705<\/p>\n\n\n\n<h1 class=\"wp-block-heading\">Chilpancingo<\/h1>\n\n\n\n<h1 class=\"wp-block-heading\">UnidosChilpancingoRenace<\/h1>\n\n\n\n<figure class=\"wp-block-gallery has-nested-images columns-default is-cropped wp-block-gallery-1 is-layout-flex wp-block-gallery-is-layout-flex\">\n<figure class=\"wp-block-image size-large\"><img fetchpriority=\"high\" decoding=\"async\" width=\"1024\" height=\"683\" data-id=\"21465\" src=\"https:\/\/chilpancingo.gob.mx\/portal\/wp-content\/uploads\/2026\/04\/681474933_122199640760551875_2613876494914021000_n-1-1024x683.jpg\" alt=\"\" class=\"wp-image-21465\" srcset=\"https:\/\/chilpancingo.gob.mx\/portal\/wp-content\/uploads\/2026\/04\/681474933_122199640760551875_2613876494914021000_n-1-1024x683.jpg 1024w, https:\/\/chilpancingo.gob.mx\/portal\/wp-content\/uploads\/2026\/04\/681474933_122199640760551875_2613876494914021000_n-1-300x200.jpg 300w, https:\/\/chilpancingo.gob.mx\/portal\/wp-content\/uploads\/2026\/04\/681474933_122199640760551875_2613876494914021000_n-1-768x512.jpg 768w, https:\/\/chilpancingo.gob.mx\/portal\/wp-content\/uploads\/2026\/04\/681474933_122199640760551875_2613876494914021000_n-1-1536x1024.jpg 1536w, https:\/\/chilpancingo.gob.mx\/portal\/wp-content\/uploads\/2026\/04\/681474933_122199640760551875_2613876494914021000_n-1.jpg 1599w\" sizes=\"(max-width: 1024px) 100vw, 1024px\" \/><\/figure>\n\n\n\n<figure class=\"wp-block-image size-large\"><img decoding=\"async\" width=\"1024\" height=\"683\" data-id=\"21467\" src=\"https:\/\/chilpancingo.gob.mx\/portal\/wp-content\/uploads\/2026\/04\/681212582_122199641090551875_3356567757735930423_n-1024x683.jpg\" alt=\"\" class=\"wp-image-21467\" srcset=\"https:\/\/chilpancingo.gob.mx\/portal\/wp-content\/uploads\/2026\/04\/681212582_122199641090551875_3356567757735930423_n-1024x683.jpg 1024w, https:\/\/chilpancingo.gob.mx\/portal\/wp-content\/uploads\/2026\/04\/681212582_122199641090551875_3356567757735930423_n-300x200.jpg 300w, https:\/\/chilpancingo.gob.mx\/portal\/wp-content\/uploads\/2026\/04\/681212582_122199641090551875_3356567757735930423_n-768x512.jpg 768w, https:\/\/chilpancingo.gob.mx\/portal\/wp-content\/uploads\/2026\/04\/681212582_122199641090551875_3356567757735930423_n-1536x1024.jpg 1536w, https:\/\/chilpancingo.gob.mx\/portal\/wp-content\/uploads\/2026\/04\/681212582_122199641090551875_3356567757735930423_n.jpg 1599w\" sizes=\"(max-width: 1024px) 100vw, 1024px\" \/><\/figure>\n\n\n\n<figure class=\"wp-block-image size-large\"><img decoding=\"async\" width=\"1024\" height=\"683\" data-id=\"21470\" src=\"https:\/\/chilpancingo.gob.mx\/portal\/wp-content\/uploads\/2026\/04\/680438829_122199641042551875_3584298667254935618_n-1024x683.jpg\" alt=\"\" class=\"wp-image-21470\" srcset=\"https:\/\/chilpancingo.gob.mx\/portal\/wp-content\/uploads\/2026\/04\/680438829_122199641042551875_3584298667254935618_n-1024x683.jpg 1024w, https:\/\/chilpancingo.gob.mx\/portal\/wp-content\/uploads\/2026\/04\/680438829_122199641042551875_3584298667254935618_n-300x200.jpg 300w, https:\/\/chilpancingo.gob.mx\/portal\/wp-content\/uploads\/2026\/04\/680438829_122199641042551875_3584298667254935618_n-768x512.jpg 768w, https:\/\/chilpancingo.gob.mx\/portal\/wp-content\/uploads\/2026\/04\/680438829_122199641042551875_3584298667254935618_n-1536x1024.jpg 1536w, https:\/\/chilpancingo.gob.mx\/portal\/wp-content\/uploads\/2026\/04\/680438829_122199641042551875_3584298667254935618_n.jpg 1200w\" sizes=\"(max-width: 1024px) 100vw, 1024px\" \/><\/figure>\n\n\n\n<figure class=\"wp-block-image size-large\"><img loading=\"lazy\" decoding=\"async\" width=\"1024\" height=\"683\" data-id=\"21469\" src=\"https:\/\/chilpancingo.gob.mx\/portal\/wp-content\/uploads\/2026\/04\/681216358_122199640994551875_1185319083485723510_n-1024x683.jpg\" alt=\"\" class=\"wp-image-21469\" srcset=\"https:\/\/chilpancingo.gob.mx\/portal\/wp-content\/uploads\/2026\/04\/681216358_122199640994551875_1185319083485723510_n-1024x683.jpg 1024w, https:\/\/chilpancingo.gob.mx\/portal\/wp-content\/uploads\/2026\/04\/681216358_122199640994551875_1185319083485723510_n-300x200.jpg 300w, https:\/\/chilpancingo.gob.mx\/portal\/wp-content\/uploads\/2026\/04\/681216358_122199640994551875_1185319083485723510_n-768x512.jpg 768w, https:\/\/chilpancingo.gob.mx\/portal\/wp-content\/uploads\/2026\/04\/681216358_122199640994551875_1185319083485723510_n-1536x1024.jpg 1536w, https:\/\/chilpancingo.gob.mx\/portal\/wp-content\/uploads\/2026\/04\/681216358_122199640994551875_1185319083485723510_n.jpg 1599w\" sizes=\"(max-width: 1024px) 100vw, 1024px\" \/><\/figure>\n\n\n\n<figure class=\"wp-block-image size-large\"><img loading=\"lazy\" decoding=\"async\" width=\"590\" height=\"393\" data-id=\"21466\" src=\"https:\/\/chilpancingo.gob.mx\/portal\/wp-content\/uploads\/2026\/04\/684152690_122199640952551875_6136942243171999991_n.jpg\" alt=\"\" class=\"wp-image-21466\" srcset=\"https:\/\/chilpancingo.gob.mx\/portal\/wp-content\/uploads\/2026\/04\/684152690_122199640952551875_6136942243171999991_n.jpg 590w, https:\/\/chilpancingo.gob.mx\/portal\/wp-content\/uploads\/2026\/04\/684152690_122199640952551875_6136942243171999991_n-300x200.jpg 300w\" sizes=\"(max-width: 590px) 100vw, 590px\" \/><\/figure>\n\n\n\n<figure class=\"wp-block-image size-large\"><img loading=\"lazy\" decoding=\"async\" width=\"590\" height=\"393\" data-id=\"21464\" src=\"https:\/\/chilpancingo.gob.mx\/portal\/wp-content\/uploads\/2026\/04\/679700782_122199640910551875_2126033418919620812_n.jpg\" alt=\"\" class=\"wp-image-21464\" srcset=\"https:\/\/chilpancingo.gob.mx\/portal\/wp-content\/uploads\/2026\/04\/679700782_122199640910551875_2126033418919620812_n.jpg 590w, https:\/\/chilpancingo.gob.mx\/portal\/wp-content\/uploads\/2026\/04\/679700782_122199640910551875_2126033418919620812_n-300x200.jpg 300w\" sizes=\"(max-width: 590px) 100vw, 590px\" \/><\/figure>\n\n\n\n<figure class=\"wp-block-image size-large\"><img loading=\"lazy\" decoding=\"async\" width=\"590\" height=\"393\" data-id=\"21463\" src=\"https:\/\/chilpancingo.gob.mx\/portal\/wp-content\/uploads\/2026\/04\/684351435_122199640856551875_193427160159693722_n.jpg\" alt=\"\" class=\"wp-image-21463\" srcset=\"https:\/\/chilpancingo.gob.mx\/portal\/wp-content\/uploads\/2026\/04\/684351435_122199640856551875_193427160159693722_n.jpg 590w, https:\/\/chilpancingo.gob.mx\/portal\/wp-content\/uploads\/2026\/04\/684351435_122199640856551875_193427160159693722_n-300x200.jpg 300w\" sizes=\"(max-width: 590px) 100vw, 590px\" \/><\/figure>\n\n\n\n<figure class=\"wp-block-image size-large\"><img loading=\"lazy\" decoding=\"async\" width=\"590\" height=\"393\" data-id=\"21468\" src=\"https:\/\/chilpancingo.gob.mx\/portal\/wp-content\/uploads\/2026\/04\/681474933_122199640760551875_2613876494914021000_n.jpg\" alt=\"\" class=\"wp-image-21468\" srcset=\"https:\/\/chilpancingo.gob.mx\/portal\/wp-content\/uploads\/2026\/04\/681474933_122199640760551875_2613876494914021000_n.jpg 590w, https:\/\/chilpancingo.gob.mx\/portal\/wp-content\/uploads\/2026\/04\/681474933_122199640760551875_2613876494914021000_n-300x200.jpg 300w\" sizes=\"(max-width: 590px) 100vw, 590px\" \/><\/figure>\n<\/figure>\n","protected":false},"excerpt":{"rendered":"<p>Chilpancingo de los Bravo hace promoci\u00f3n tur\u00edstica.El Gobierno Municipal de Chilpancingo particip\u00f3 en el Tianguis Tur\u00edstico de Acapulco, impulsando la promoci\u00f3n de su cultura, historia y gastronom\u00eda.Hoy se abren oportunidades [&hellip;]<\/p>\n","protected":false},"author":5,"featured_media":21470,"comment_status":"closed","ping_status":"closed","sticky":false,"template":"","format":"standard","meta":{"pgc_sgb_lightbox_settings":"","footnotes":""},"categories":[1],"tags":[],"class_list":["post-21462","post","type-post","status-publish","format-standard","has-post-thumbnail","hentry","category-sala-de-prensa"],"yoast_head":"<!-- This site is optimized with the Yoast SEO plugin v23.8 - https:\/\/yoast.com\/wordpress\/plugins\/seo\/ -->\n<title>Chilpancingo se proyecta en el Tianguis Tur\u00edstico \ud83c\udf0e<\/title>\n<meta name=\"robots\" content=\"index, follow, max-snippet:-1, max-image-preview:large, max-video-preview:-1\" \/>\n<link rel=\"canonical\" href=\"https:\/\/chilpancingo.gob.mx\/portal\/chilpancingo-se-proyecta-en-el-tianguis-turistico-\ud83c\udf0e\/\" \/>\n<meta property=\"og:locale\" content=\"es_MX\" \/>\n<meta property=\"og:type\" content=\"article\" \/>\n<meta property=\"og:title\" content=\"Chilpancingo se proyecta en el Tianguis Tur\u00edstico \ud83c\udf0e\" \/>\n<meta property=\"og:description\" content=\"Chilpancingo de los Bravo hace promoci\u00f3n tur\u00edstica.El Gobierno Municipal de Chilpancingo particip\u00f3 en el Tianguis Tur\u00edstico de Acapulco, impulsando la promoci\u00f3n de su cultura, historia y gastronom\u00eda.Hoy se abren oportunidades [&hellip;]\" \/>\n<meta property=\"og:url\" content=\"https:\/\/chilpancingo.gob.mx\/portal\/chilpancingo-se-proyecta-en-el-tianguis-turistico-\ud83c\udf0e\/\" \/>\n<meta property=\"og:site_name\" content=\"H. Ayuntamiento de Chilpancingo de los Bravo\" \/>\n<meta property=\"article:publisher\" content=\"https:\/\/www.facebook.com\/AyuntamientodeChilpancingo\" \/>\n<meta property=\"article:published_time\" content=\"2026-04-28T19:30:15+00:00\" \/>\n<meta property=\"article:modified_time\" content=\"2026-04-30T19:32:54+00:00\" \/>\n<meta property=\"og:image\" content=\"https:\/\/chilpancingo.gob.mx\/portal\/wp-content\/uploads\/2026\/04\/680438829_122199641042551875_3584298667254935618_n.jpg\" \/>\n\t<meta property=\"og:image:width\" content=\"1200\" \/>\n\t<meta property=\"og:image:height\" content=\"800\" \/>\n\t<meta property=\"og:image:type\" content=\"image\/jpeg\" \/>\n<meta name=\"author\" content=\"Victor Diaz Avila\" \/>\n<meta name=\"twitter:card\" content=\"summary_large_image\" \/>\n<meta name=\"twitter:creator\" content=\"@otilia_norma\" \/>\n<meta name=\"twitter:site\" content=\"@otilia_norma\" \/>\n<script type=\"application\/ld+json\" class=\"yoast-schema-graph\">{\"@context\":\"https:\/\/schema.org\",\"@graph\":[{\"@type\":\"Article\",\"@id\":\"https:\/\/chilpancingo.gob.mx\/portal\/chilpancingo-se-proyecta-en-el-tianguis-turistico-%f0%9f%8c%8e\/#article\",\"isPartOf\":{\"@id\":\"https:\/\/chilpancingo.gob.mx\/portal\/chilpancingo-se-proyecta-en-el-tianguis-turistico-%f0%9f%8c%8e\/\"},\"author\":{\"name\":\"Victor Diaz Avila\",\"@id\":\"https:\/\/chilpancingo.gob.mx\/portal\/#\/schema\/person\/16194606437a58bb73c4148d5c3f4643\"},\"headline\":\"Chilpancingo se proyecta en el Tianguis Tur\u00edstico \ud83c\udf0e\",\"datePublished\":\"2026-04-28T19:30:15+00:00\",\"dateModified\":\"2026-04-30T19:32:54+00:00\",\"mainEntityOfPage\":{\"@id\":\"https:\/\/chilpancingo.gob.mx\/portal\/chilpancingo-se-proyecta-en-el-tianguis-turistico-%f0%9f%8c%8e\/\"},\"wordCount\":72,\"publisher\":{\"@id\":\"https:\/\/chilpancingo.gob.mx\/portal\/#organization\"},\"image\":{\"@id\":\"https:\/\/chilpancingo.gob.mx\/portal\/chilpancingo-se-proyecta-en-el-tianguis-turistico-%f0%9f%8c%8e\/#primaryimage\"},\"thumbnailUrl\":\"https:\/\/chilpancingo.gob.mx\/portal\/wp-content\/uploads\/2026\/04\/680438829_122199641042551875_3584298667254935618_n.jpg\",\"articleSection\":[\"Sala de prensa\"],\"inLanguage\":\"es\"},{\"@type\":\"WebPage\",\"@id\":\"https:\/\/chilpancingo.gob.mx\/portal\/chilpancingo-se-proyecta-en-el-tianguis-turistico-%f0%9f%8c%8e\/\",\"url\":\"https:\/\/chilpancingo.gob.mx\/portal\/chilpancingo-se-proyecta-en-el-tianguis-turistico-%f0%9f%8c%8e\/\",\"name\":\"Chilpancingo se proyecta en el Tianguis Tur\u00edstico \ud83c\udf0e\",\"isPartOf\":{\"@id\":\"https:\/\/chilpancingo.gob.mx\/portal\/#website\"},\"primaryImageOfPage\":{\"@id\":\"https:\/\/chilpancingo.gob.mx\/portal\/chilpancingo-se-proyecta-en-el-tianguis-turistico-%f0%9f%8c%8e\/#primaryimage\"},\"image\":{\"@id\":\"https:\/\/chilpancingo.gob.mx\/portal\/chilpancingo-se-proyecta-en-el-tianguis-turistico-%f0%9f%8c%8e\/#primaryimage\"},\"thumbnailUrl\":\"https:\/\/chilpancingo.gob.mx\/portal\/wp-content\/uploads\/2026\/04\/680438829_122199641042551875_3584298667254935618_n.jpg\",\"datePublished\":\"2026-04-28T19:30:15+00:00\",\"dateModified\":\"2026-04-30T19:32:54+00:00\",\"breadcrumb\":{\"@id\":\"https:\/\/chilpancingo.gob.mx\/portal\/chilpancingo-se-proyecta-en-el-tianguis-turistico-%f0%9f%8c%8e\/#breadcrumb\"},\"inLanguage\":\"es\",\"potentialAction\":[{\"@type\":\"ReadAction\",\"target\":[\"https:\/\/chilpancingo.gob.mx\/portal\/chilpancingo-se-proyecta-en-el-tianguis-turistico-%f0%9f%8c%8e\/\"]}]},{\"@type\":\"ImageObject\",\"inLanguage\":\"es\",\"@id\":\"https:\/\/chilpancingo.gob.mx\/portal\/chilpancingo-se-proyecta-en-el-tianguis-turistico-%f0%9f%8c%8e\/#primaryimage\",\"url\":\"https:\/\/chilpancingo.gob.mx\/portal\/wp-content\/uploads\/2026\/04\/680438829_122199641042551875_3584298667254935618_n.jpg\",\"contentUrl\":\"https:\/\/chilpancingo.gob.mx\/portal\/wp-content\/uploads\/2026\/04\/680438829_122199641042551875_3584298667254935618_n.jpg\",\"width\":1200,\"height\":800},{\"@type\":\"BreadcrumbList\",\"@id\":\"https:\/\/chilpancingo.gob.mx\/portal\/chilpancingo-se-proyecta-en-el-tianguis-turistico-%f0%9f%8c%8e\/#breadcrumb\",\"itemListElement\":[{\"@type\":\"ListItem\",\"position\":1,\"name\":\"Inicio\",\"item\":\"https:\/\/chilpancingo.gob.mx\/portal\/\"},{\"@type\":\"ListItem\",\"position\":2,\"name\":\"Chilpancingo se proyecta en el Tianguis Tur\u00edstico \ud83c\udf0e\"}]},{\"@type\":\"WebSite\",\"@id\":\"https:\/\/chilpancingo.gob.mx\/portal\/#website\",\"url\":\"https:\/\/chilpancingo.gob.mx\/portal\/\",\"name\":\"H. Ayuntamiento de Chilpancingo de los Bravo\",\"description\":\"Chilpancingo de los Bravo  2024 - 2027\",\"publisher\":{\"@id\":\"https:\/\/chilpancingo.gob.mx\/portal\/#organization\"},\"potentialAction\":[{\"@type\":\"SearchAction\",\"target\":{\"@type\":\"EntryPoint\",\"urlTemplate\":\"https:\/\/chilpancingo.gob.mx\/portal\/?s={search_term_string}\"},\"query-input\":{\"@type\":\"PropertyValueSpecification\",\"valueRequired\":true,\"valueName\":\"search_term_string\"}}],\"inLanguage\":\"es\"},{\"@type\":\"Organization\",\"@id\":\"https:\/\/chilpancingo.gob.mx\/portal\/#organization\",\"name\":\"Municipio de Chilpancingo de los Bravo\",\"url\":\"https:\/\/chilpancingo.gob.mx\/portal\/\",\"logo\":{\"@type\":\"ImageObject\",\"inLanguage\":\"es\",\"@id\":\"https:\/\/chilpancingo.gob.mx\/portal\/#\/schema\/logo\/image\/\",\"url\":\"https:\/\/chilpancingo.gob.mx\/portal\/wp-content\/uploads\/2021\/09\/Logo-Oficial-Capital-de-cultura-y-progreso.png\",\"contentUrl\":\"https:\/\/chilpancingo.gob.mx\/portal\/wp-content\/uploads\/2021\/09\/Logo-Oficial-Capital-de-cultura-y-progreso.png\",\"width\":1200,\"height\":623,\"caption\":\"Municipio de Chilpancingo de los Bravo\"},\"image\":{\"@id\":\"https:\/\/chilpancingo.gob.mx\/portal\/#\/schema\/logo\/image\/\"},\"sameAs\":[\"https:\/\/www.facebook.com\/AyuntamientodeChilpancingo\",\"https:\/\/x.com\/otilia_norma\"]},{\"@type\":\"Person\",\"@id\":\"https:\/\/chilpancingo.gob.mx\/portal\/#\/schema\/person\/16194606437a58bb73c4148d5c3f4643\",\"name\":\"Victor Diaz Avila\",\"image\":{\"@type\":\"ImageObject\",\"inLanguage\":\"es\",\"@id\":\"https:\/\/chilpancingo.gob.mx\/portal\/#\/schema\/person\/image\/\",\"url\":\"https:\/\/secure.gravatar.com\/avatar\/617e8c67af79ce0edccb18e9acb4f883bdebc37ceae275f194cab3f5f87d831a?s=96&d=mm&r=g\",\"contentUrl\":\"https:\/\/secure.gravatar.com\/avatar\/617e8c67af79ce0edccb18e9acb4f883bdebc37ceae275f194cab3f5f87d831a?s=96&d=mm&r=g\",\"caption\":\"Victor Diaz Avila\"}}]}<\/script>\n<!-- \/ Yoast SEO plugin. -->","yoast_head_json":{"title":"Chilpancingo se proyecta en el Tianguis Tur\u00edstico \ud83c\udf0e","robots":{"index":"index","follow":"follow","max-snippet":"max-snippet:-1","max-image-preview":"max-image-preview:large","max-video-preview":"max-video-preview:-1"},"canonical":"https:\/\/chilpancingo.gob.mx\/portal\/chilpancingo-se-proyecta-en-el-tianguis-turistico-\ud83c\udf0e\/","og_locale":"es_MX","og_type":"article","og_title":"Chilpancingo se proyecta en el Tianguis Tur\u00edstico \ud83c\udf0e","og_description":"Chilpancingo de los Bravo hace promoci\u00f3n tur\u00edstica.El Gobierno Municipal de Chilpancingo particip\u00f3 en el Tianguis Tur\u00edstico de Acapulco, impulsando la promoci\u00f3n de su cultura, historia y gastronom\u00eda.Hoy se abren oportunidades [&hellip;]","og_url":"https:\/\/chilpancingo.gob.mx\/portal\/chilpancingo-se-proyecta-en-el-tianguis-turistico-\ud83c\udf0e\/","og_site_name":"H. Ayuntamiento de Chilpancingo de los Bravo","article_publisher":"https:\/\/www.facebook.com\/AyuntamientodeChilpancingo","article_published_time":"2026-04-28T19:30:15+00:00","article_modified_time":"2026-04-30T19:32:54+00:00","og_image":[{"width":1200,"height":800,"url":"https:\/\/chilpancingo.gob.mx\/portal\/wp-content\/uploads\/2026\/04\/680438829_122199641042551875_3584298667254935618_n.jpg","type":"image\/jpeg"}],"author":"Victor Diaz Avila","twitter_card":"summary_large_image","twitter_creator":"@otilia_norma","twitter_site":"@otilia_norma","schema":{"@context":"https:\/\/schema.org","@graph":[{"@type":"Article","@id":"https:\/\/chilpancingo.gob.mx\/portal\/chilpancingo-se-proyecta-en-el-tianguis-turistico-%f0%9f%8c%8e\/#article","isPartOf":{"@id":"https:\/\/chilpancingo.gob.mx\/portal\/chilpancingo-se-proyecta-en-el-tianguis-turistico-%f0%9f%8c%8e\/"},"author":{"name":"Victor Diaz Avila","@id":"https:\/\/chilpancingo.gob.mx\/portal\/#\/schema\/person\/16194606437a58bb73c4148d5c3f4643"},"headline":"Chilpancingo se proyecta en el Tianguis Tur\u00edstico \ud83c\udf0e","datePublished":"2026-04-28T19:30:15+00:00","dateModified":"2026-04-30T19:32:54+00:00","mainEntityOfPage":{"@id":"https:\/\/chilpancingo.gob.mx\/portal\/chilpancingo-se-proyecta-en-el-tianguis-turistico-%f0%9f%8c%8e\/"},"wordCount":72,"publisher":{"@id":"https:\/\/chilpancingo.gob.mx\/portal\/#organization"},"image":{"@id":"https:\/\/chilpancingo.gob.mx\/portal\/chilpancingo-se-proyecta-en-el-tianguis-turistico-%f0%9f%8c%8e\/#primaryimage"},"thumbnailUrl":"https:\/\/chilpancingo.gob.mx\/portal\/wp-content\/uploads\/2026\/04\/680438829_122199641042551875_3584298667254935618_n.jpg","articleSection":["Sala de prensa"],"inLanguage":"es"},{"@type":"WebPage","@id":"https:\/\/chilpancingo.gob.mx\/portal\/chilpancingo-se-proyecta-en-el-tianguis-turistico-%f0%9f%8c%8e\/","url":"https:\/\/chilpancingo.gob.mx\/portal\/chilpancingo-se-proyecta-en-el-tianguis-turistico-%f0%9f%8c%8e\/","name":"Chilpancingo se proyecta en el Tianguis Tur\u00edstico \ud83c\udf0e","isPartOf":{"@id":"https:\/\/chilpancingo.gob.mx\/portal\/#website"},"primaryImageOfPage":{"@id":"https:\/\/chilpancingo.gob.mx\/portal\/chilpancingo-se-proyecta-en-el-tianguis-turistico-%f0%9f%8c%8e\/#primaryimage"},"image":{"@id":"https:\/\/chilpancingo.gob.mx\/portal\/chilpancingo-se-proyecta-en-el-tianguis-turistico-%f0%9f%8c%8e\/#primaryimage"},"thumbnailUrl":"https:\/\/chilpancingo.gob.mx\/portal\/wp-content\/uploads\/2026\/04\/680438829_122199641042551875_3584298667254935618_n.jpg","datePublished":"2026-04-28T19:30:15+00:00","dateModified":"2026-04-30T19:32:54+00:00","breadcrumb":{"@id":"https:\/\/chilpancingo.gob.mx\/portal\/chilpancingo-se-proyecta-en-el-tianguis-turistico-%f0%9f%8c%8e\/#breadcrumb"},"inLanguage":"es","potentialAction":[{"@type":"ReadAction","target":["https:\/\/chilpancingo.gob.mx\/portal\/chilpancingo-se-proyecta-en-el-tianguis-turistico-%f0%9f%8c%8e\/"]}]},{"@type":"ImageObject","inLanguage":"es","@id":"https:\/\/chilpancingo.gob.mx\/portal\/chilpancingo-se-proyecta-en-el-tianguis-turistico-%f0%9f%8c%8e\/#primaryimage","url":"https:\/\/chilpancingo.gob.mx\/portal\/wp-content\/uploads\/2026\/04\/680438829_122199641042551875_3584298667254935618_n.jpg","contentUrl":"https:\/\/chilpancingo.gob.mx\/portal\/wp-content\/uploads\/2026\/04\/680438829_122199641042551875_3584298667254935618_n.jpg","width":1200,"height":800},{"@type":"BreadcrumbList","@id":"https:\/\/chilpancingo.gob.mx\/portal\/chilpancingo-se-proyecta-en-el-tianguis-turistico-%f0%9f%8c%8e\/#breadcrumb","itemListElement":[{"@type":"ListItem","position":1,"name":"Inicio","item":"https:\/\/chilpancingo.gob.mx\/portal\/"},{"@type":"ListItem","position":2,"name":"Chilpancingo se proyecta en el Tianguis Tur\u00edstico \ud83c\udf0e"}]},{"@type":"WebSite","@id":"https:\/\/chilpancingo.gob.mx\/portal\/#website","url":"https:\/\/chilpancingo.gob.mx\/portal\/","name":"H. Ayuntamiento de Chilpancingo de los Bravo","description":"Chilpancingo de los Bravo  2024 - 2027","publisher":{"@id":"https:\/\/chilpancingo.gob.mx\/portal\/#organization"},"potentialAction":[{"@type":"SearchAction","target":{"@type":"EntryPoint","urlTemplate":"https:\/\/chilpancingo.gob.mx\/portal\/?s={search_term_string}"},"query-input":{"@type":"PropertyValueSpecification","valueRequired":true,"valueName":"search_term_string"}}],"inLanguage":"es"},{"@type":"Organization","@id":"https:\/\/chilpancingo.gob.mx\/portal\/#organization","name":"Municipio de Chilpancingo de los Bravo","url":"https:\/\/chilpancingo.gob.mx\/portal\/","logo":{"@type":"ImageObject","inLanguage":"es","@id":"https:\/\/chilpancingo.gob.mx\/portal\/#\/schema\/logo\/image\/","url":"https:\/\/chilpancingo.gob.mx\/portal\/wp-content\/uploads\/2021\/09\/Logo-Oficial-Capital-de-cultura-y-progreso.png","contentUrl":"https:\/\/chilpancingo.gob.mx\/portal\/wp-content\/uploads\/2021\/09\/Logo-Oficial-Capital-de-cultura-y-progreso.png","width":1200,"height":623,"caption":"Municipio de Chilpancingo de los Bravo"},"image":{"@id":"https:\/\/chilpancingo.gob.mx\/portal\/#\/schema\/logo\/image\/"},"sameAs":["https:\/\/www.facebook.com\/AyuntamientodeChilpancingo","https:\/\/x.com\/otilia_norma"]},{"@type":"Person","@id":"https:\/\/chilpancingo.gob.mx\/portal\/#\/schema\/person\/16194606437a58bb73c4148d5c3f4643","name":"Victor Diaz Avila","image":{"@type":"ImageObject","inLanguage":"es","@id":"https:\/\/chilpancingo.gob.mx\/portal\/#\/schema\/person\/image\/","url":"https:\/\/secure.gravatar.com\/avatar\/617e8c67af79ce0edccb18e9acb4f883bdebc37ceae275f194cab3f5f87d831a?s=96&d=mm&r=g","contentUrl":"https:\/\/secure.gravatar.com\/avatar\/617e8c67af79ce0edccb18e9acb4f883bdebc37ceae275f194cab3f5f87d831a?s=96&d=mm&r=g","caption":"Victor Diaz Avila"}}]}},"_links":{"self":[{"href":"https:\/\/chilpancingo.gob.mx\/portal\/wp-json\/wp\/v2\/posts\/21462","targetHints":{"allow":["GET"]}}],"collection":[{"href":"https:\/\/chilpancingo.gob.mx\/portal\/wp-json\/wp\/v2\/posts"}],"about":[{"href":"https:\/\/chilpancingo.gob.mx\/portal\/wp-json\/wp\/v2\/types\/post"}],"author":[{"embeddable":true,"href":"https:\/\/chilpancingo.gob.mx\/portal\/wp-json\/wp\/v2\/users\/5"}],"replies":[{"embeddable":true,"href":"https:\/\/chilpancingo.gob.mx\/portal\/wp-json\/wp\/v2\/comments?post=21462"}],"version-history":[{"count":1,"href":"https:\/\/chilpancingo.gob.mx\/portal\/wp-json\/wp\/v2\/posts\/21462\/revisions"}],"predecessor-version":[{"id":21471,"href":"https:\/\/chilpancingo.gob.mx\/portal\/wp-json\/wp\/v2\/posts\/21462\/revisions\/21471"}],"wp:featuredmedia":[{"embeddable":true,"href":"https:\/\/chilpancingo.gob.mx\/portal\/wp-json\/wp\/v2\/media\/21470"}],"wp:attachment":[{"href":"https:\/\/chilpancingo.gob.mx\/portal\/wp-json\/wp\/v2\/media?parent=21462"}],"wp:term":[{"taxonomy":"category","embeddable":true,"href":"https:\/\/chilpancingo.gob.mx\/portal\/wp-json\/wp\/v2\/categories?post=21462"},{"taxonomy":"post_tag","embeddable":true,"href":"https:\/\/chilpancingo.gob.mx\/portal\/wp-json\/wp\/v2\/tags?post=21462"}],"curies":[{"name":"wp","href":"https:\/\/api.w.org\/{rel}","templated":true}]}}